{"id":978,"date":"2021-06-29T08:47:52","date_gmt":"2021-06-29T08:47:52","guid":{"rendered":"http:\/\/la-flamme-verte.fr\/?p=978"},"modified":"2021-06-29T08:47:52","modified_gmt":"2021-06-29T08:47:52","slug":"lajustement-a-la-montee-en-vibration-le-chemin-de-la-guerison-en-conscience-archange-raphael","status":"publish","type":"post","link":"https:\/\/la-flamme-verte.fr\/index.php\/2021\/06\/29\/lajustement-a-la-montee-en-vibration-le-chemin-de-la-guerison-en-conscience-archange-raphael\/","title":{"rendered":"L\u2019AJUSTEMENT \u00c0 LA MONT\u00c9E EN VIBRATION, LE CHEMIN DE LA GU\u00c9RISON EN CONSCIENCE ! Archange Rapha\u00ebl"},"content":{"rendered":"\n<div class=\"wp-block-image\"><figure class=\"aligncenter\"><img decoding=\"async\" src=\"https:\/\/pressegalactique.com\/wp-content\/uploads\/2019\/11\/Paix-Spirituelle-360x240.jpg\" alt=\"9 novembre 2019 \u2013 Presse Galactique\"\/><\/figure><\/div>\n\n\n\n<h4 class=\"has-text-align-center wp-block-heading\"><a href=\"https:\/\/pressegalactique.com\/2021\/06\/29\/lajustement-a-la-montee-en-vibration-le-chemin-de-la-guerison-en-conscience\/\">https:\/\/pressegalactique.com\/2021\/06\/29\/lajustement-a-la-montee-en-vibration-le-chemin-de-la-guerison-en-conscience\/<\/a><\/h4>\n\n\n\n<p><em>ARCHANGE RAPHA\u00cbL transmis par Alain Titeca<\/em><\/p>\n\n\n\n<p>Je suis Rapha\u00ebl, l\u2019Archange des m\u00e9decins, des soigneurs et des alchimistes. Mon rayon vert porte la gu\u00e9rison pour peu que vous le laissiez envahir votre \u00eatre.<\/p>\n\n\n\n<p>Globalement, notre syst\u00e8me poursuit sa mont\u00e9e en vibration.<\/p>\n\n\n\n<p>Les pics ascensionnels sont tr\u00e8s intenses actuellement. Ils sont susceptibles de cr\u00e9er de multiples perturbations pour vos \u00e9quilibres. Ces perturbations peuvent aller de simples absences ou de la fatigue chronique, en passant par des troubles du sommeil jusqu\u2019\u00e0 des soucis d\u2019\u00e9pilepsie en passant par des crises d\u2019anxi\u00e9t\u00e9 ou des acouph\u00e8nes.<\/p>\n\n\n\n<p>Dans ce passage, il est essentiel d\u2019ajuster votre mont\u00e9e en vibration au mouvement en cours. Pour cela le principe premier est de vous recentrer en permanence, de vous reconnecter \u00e0 vous-m\u00eame. Ensuite, il est n\u00e9cessaire de vous offrir de petites pauses r\u00e9guli\u00e8rement. C\u2019est durant ces temps que le travail d\u2019int\u00e9gration se r\u00e9alise. Vous pouvez mettre en application un principe simple : Attente = D\u00e9tente. Vos journ\u00e9es sont tr\u00e8s remplies, vous \u00eates conditionn\u00e9s pour vivre dans l\u2019hyperactivit\u00e9.<\/p>\n\n\n\n<p>Si vous observez \u00e0 la loupe une de vos journ\u00e9es types, vous vous apercevrez qu\u2019entre tout ce que vous faites, il y a des petits moments d\u2019attente. Si vous parvenez \u00e0 mettre ces petits moments \u00e0 profit pour vous recentrer et vous d\u00e9tendre, alors vous aurez fait un grand pas en avant.<\/p>\n\n\n\n<p>\u00c0 partir de ces pauses r\u00e9guli\u00e8res, vous pouvez identifier vos besoins pour vous ajuster \u00e0 cette ascension vibratoire globale.<\/p>\n\n\n\n<p>Le monde v\u00e9g\u00e9tal s\u2019adapte plut\u00f4t bien \u00e0 la mont\u00e9e en vibration. Les plantes, utilis\u00e9es sous diff\u00e9rentes formes constituent un support int\u00e9ressant pour vous accompagner dans cette transition. En fonction de la nature des perturbations que vous vivez, vous pouvez vous pr\u00e9parer une infusion, une d\u00e9coction, un mac\u00e9rat ou utiliser une huile essentielle en massage ou en ingestion. De cette fa\u00e7on vous pouvez entrer dans une v\u00e9ritable collaboration avec le monde v\u00e9g\u00e9tal pour asseoir en conscience le d\u00e9ploiement de votre conscience au fur et \u00e0 mesure que vous montez en vibration.<\/p>\n\n\n\n<p>Chers enfants de Ga\u00efa, je vous invite \u00e0 ne pas lutter contre les perturbations que vous vivez aujourd\u2019hui.<\/p>\n\n\n\n<p>Ce que vous \u00e9tiez hier ne sera plus demain. En acceptant les perturbations m\u00eame d\u00e9sagr\u00e9ables, inconfortables, vous vous autorisez la possibilit\u00e9 de les transmuter pour cheminer vers votre r\u00e9alit\u00e9 nouvelle. La cr\u00e9ativit\u00e9, votre cr\u00e9ativit\u00e9 est une grande ressource dans ce passage. En vous appuyant sur cette \u00e9nergie, vous pouvez participer \u00e0 la d\u00e9finition de votre nouvelle r\u00e9alit\u00e9.<\/p>\n\n\n\n<p>De fa\u00e7on in\u00e9vitable, vous allez perdre en densit\u00e9, mais vous allez d\u00e9couvrir de nouveaux niveaux de conscience et gagner de la fluidit\u00e9 dans vos mouvements et dans vos diff\u00e9rents corps.<\/p>\n\n\n\n<p>Ce dernier point est \u00e0 nourrir. Les interactions entre vos diff\u00e9rents corps sont en pleine construction. En particulier les interrelations entre votre corps physique et vos corps \u00e9nerg\u00e9tiques se d\u00e9veloppent. Vous pouvez maintenant participer en conscience \u00e0 ces interactions. Cela vous permettra d\u2019\u00e9viter bon nombre de maladies. Vos corps physiques et \u00e9nerg\u00e9tiques deviennent progressivement les r\u00e9ceptacles et les transmetteurs du flux vital, de l\u2019\u00e9nergie de la vie partout pr\u00e9sente dans l\u2019univers.<\/p>\n\n\n\n<p>L\u2019\u00e9tape premi\u00e8re pour gu\u00e9rir en conscience est d\u2019accepter les d\u00e9r\u00e8glements, l\u2019absence ou le d\u00e9faut de communication entre vos corps physiques et \u00e9nerg\u00e9tiques. Ensuite, doucement, pas apr\u00e8s pas, vous pouvez r\u00e9tablir la circulation \u00e9nerg\u00e9tique dans vos corps en vous appuyant sur le travail sur vos centres \u00e9nerg\u00e9tiques.<\/p>\n\n\n\n<p>Pour parvenir \u00e0 cela, votre posture int\u00e9rieure est essentielle, comme si vous deveniez le Gardien, observateur de votre univers int\u00e9rieur.<\/p>\n\n\n\n<p>Humilit\u00e9 et Gratitude<\/p>\n<div class=\"fcbkbttn_buttons_block\" id=\"fcbkbttn_left\"><div class=\"fcbkbttn_like \"><fb:like href=\"https:\/\/la-flamme-verte.fr\/index.php\/2021\/06\/29\/lajustement-a-la-montee-en-vibration-le-chemin-de-la-guerison-en-conscience-archange-raphael\/\" action=\"like\" colorscheme=\"light\" layout=\"standard\"  width=\"225px\" size=\"small\"><\/fb:like><\/div><div class=\"fb-share-button  \" data-href=\"https:\/\/la-flamme-verte.fr\/index.php\/2021\/06\/29\/lajustement-a-la-montee-en-vibration-le-chemin-de-la-guerison-en-conscience-archange-raphael\/\" data-type=\"button_count\" data-size=\"small\"><\/div><\/div>","protected":false},"excerpt":{"rendered":"<p>https:\/\/pressegalactique.com\/2021\/06\/29\/lajustement-a-la-montee-en-vibration-le-chemin-de-la-guerison-en-conscience\/ ARCHANGE RAPHA\u00cbL transmis par Alain Titeca Je suis Rapha\u00ebl, l\u2019Archange des m\u00e9decins, des soigneurs et des alchimistes. Mon rayon vert porte la gu\u00e9rison pour peu que vous le laissiez envahir votre \u00eatre. Globalement, notre syst\u00e8me poursuit sa mont\u00e9e en vibration. Les pics ascensionnels sont tr\u00e8s intenses actuellement. Ils sont susceptibles de cr\u00e9er de multiples [&hellip;]<\/p>\n","protected":false},"author":1,"featured_media":0,"comment_status":"open","ping_status":"open","sticky":false,"template":"","format":"video","meta":{"footnotes":""},"categories":[1],"tags":[],"class_list":["post-978","post","type-post","status-publish","format-video","hentry","category-uncategorized","post_format-post-format-video"],"_links":{"self":[{"href":"https:\/\/la-flamme-verte.fr\/index.php\/wp-json\/wp\/v2\/posts\/978"}],"collection":[{"href":"https:\/\/la-flamme-verte.fr\/index.php\/wp-json\/wp\/v2\/posts"}],"about":[{"href":"https:\/\/la-flamme-verte.fr\/index.php\/wp-json\/wp\/v2\/types\/post"}],"author":[{"embeddable":true,"href":"https:\/\/la-flamme-verte.fr\/index.php\/wp-json\/wp\/v2\/users\/1"}],"replies":[{"embeddable":true,"href":"https:\/\/la-flamme-verte.fr\/index.php\/wp-json\/wp\/v2\/comments?post=978"}],"version-history":[{"count":1,"href":"https:\/\/la-flamme-verte.fr\/index.php\/wp-json\/wp\/v2\/posts\/978\/revisions"}],"predecessor-version":[{"id":979,"href":"https:\/\/la-flamme-verte.fr\/index.php\/wp-json\/wp\/v2\/posts\/978\/revisions\/979"}],"wp:attachment":[{"href":"https:\/\/la-flamme-verte.fr\/index.php\/wp-json\/wp\/v2\/media?parent=978"}],"wp:term":[{"taxonomy":"category","embeddable":true,"href":"https:\/\/la-flamme-verte.fr\/index.php\/wp-json\/wp\/v2\/categories?post=978"},{"taxonomy":"post_tag","embeddable":true,"href":"https:\/\/la-flamme-verte.fr\/index.php\/wp-json\/wp\/v2\/tags?post=978"}],"curies":[{"name":"wp","href":"https:\/\/api.w.org\/{rel}","templated":true}]}}