{"id":868,"date":"2021-02-01T18:50:59","date_gmt":"2021-02-01T18:50:59","guid":{"rendered":"http:\/\/la-flamme-verte.fr\/?p=868"},"modified":"2021-02-01T18:50:59","modified_gmt":"2021-02-01T18:50:59","slug":"sortir-de-lhyperactivite-mentale-et-redecouvrir-notre-pouvoir-createur-archange-raphael","status":"publish","type":"post","link":"https:\/\/la-flamme-verte.fr\/index.php\/2021\/02\/01\/sortir-de-lhyperactivite-mentale-et-redecouvrir-notre-pouvoir-createur-archange-raphael\/","title":{"rendered":"Sortir de l\u2019Hyperactivit\u00e9 Mentale et red\u00e9couvrir notre Pouvoir cr\u00e9ateur ! Archange Rapha\u00ebl"},"content":{"rendered":"\n<figure class=\"wp-block-image size-large\"><img loading=\"lazy\" decoding=\"async\" width=\"696\" height=\"445\" src=\"http:\/\/la-flamme-verte.fr\/wp-content\/uploads\/2020\/04\/chemin-du-coeur-696x445-1.jpg\" alt=\"\" class=\"wp-image-869\" srcset=\"https:\/\/la-flamme-verte.fr\/wp-content\/uploads\/2020\/04\/chemin-du-coeur-696x445-1.jpg 696w, https:\/\/la-flamme-verte.fr\/wp-content\/uploads\/2020\/04\/chemin-du-coeur-696x445-1-300x192.jpg 300w, https:\/\/la-flamme-verte.fr\/wp-content\/uploads\/2020\/04\/chemin-du-coeur-696x445-1-150x96.jpg 150w\" sizes=\"(max-width: 696px) 100vw, 696px\" \/><\/figure>\n\n\n\n<figure class=\"wp-block-video\"><\/figure>\n\n\n\n<h4 class=\"has-text-align-center wp-block-heading\"><a href=\"https:\/\/messagescelestes.ca\/sortir-de-lhyperactivite-mentale-et-redecouvrir-notre-pouvoir-createur\/\">https:\/\/messagescelestes.ca\/sortir-de-lhyperactivite-mentale-et-redecouvrir-notre-pouvoir-createur\/<\/a><\/h4>\n\n\n\n<p>Je suis Rapha\u00ebl, l\u2019archange des soigneurs, des m\u00e9decins et des alchimistes. Mon rayon vert porte la gu\u00e9rison pour peu que vous le laissiez envahir votre \u00eatre.<\/p>\n\n\n\n<p>Depuis plusieurs mill\u00e9naires, durant l\u2019\u00e8re du Poisson, vous avez d\u00e9velopp\u00e9 puis exploit\u00e9 la capacit\u00e9 d\u2019analyse de votre mental en cherchant \u00e0 comprendre, \u00e0 analyser, \u00e0 d\u00e9cortiquer la r\u00e9alit\u00e9. \u00c0 tel point qu\u2019aujourd\u2019hui votre mental produit 70 000 \u00e0 90 000 pens\u00e9es chaque jour. Les deux tiers de ces pens\u00e9es sont identiques \u00e0 celles que vous avez eues hier et seulement 5% vous sont utiles.<\/p>\n\n\n\n<p>Cette hyperactivit\u00e9 mentale et source de souffrances pour de nombreuses personnes. Des pens\u00e9es, en g\u00e9n\u00e9ral n\u00e9gatif nourrissent notre univers \u00e9motionnel jusqu\u2019\u00e0 vous enfermer parfois dans la peur ou la col\u00e8re.<\/p>\n\n\n\n<p>De fa\u00e7on g\u00e9n\u00e9rale, cette hyperactivit\u00e9 mentale comble un vide identitaire, c\u2019est-\u00e0-dire une difficult\u00e9 \u00e0 donner du sens \u00e0 votre existence. Depuis longtemps vous avez surd\u00e9velopp\u00e9 la capacit\u00e9 d\u2019analyse rationnelle de votre mental au d\u00e9triment de son pouvoir cr\u00e9ateur.<\/p>\n\n\n\n<p>L\u2019enjeu pour vous tous, aujourd\u2019hui et double :<\/p>\n\n\n\n<p>Comment sortir de cette hyperactivit\u00e9 en apprenant \u00e0 canaliser vos pens\u00e9es et de fa\u00e7on simultan\u00e9e red\u00e9couvrir le pouvoir Cr\u00e9ateur de votre mental.<\/p>\n\n\n\n<p>Toutes les postures int\u00e9rieures li\u00e9es aux \u00e9tats de conscience modifi\u00e9s comme la m\u00e9diation, la sophrologie ou la relaxation donnent de bons r\u00e9sultats pour canaliser le flux de vos pens\u00e9es dans environ la moiti\u00e9 des cas. Toutes les disciplines qui s\u2019appuient sur votre cr\u00e9ativit\u00e9 vous permettent \u00e9galement de sortir de cette hyperactivit\u00e9 mentale.<\/p>\n\n\n\n<p>Au-del\u00e0 des outils qui permettent de canaliser le flux de vos pens\u00e9es, au fur et \u00e0 mesure que vous montez en vibration, je vous invite \u00e0 porter votre attention sur le petit espace-temps entre chacune de vos pens\u00e9es. Vous le savez, vos pens\u00e9es fonctionnent par associations. En vous pla\u00e7ant en tant qu\u2019observateur et en portant votre attention sur ces tout petits espaces entre chacune de vos pens\u00e9es, vous d\u00e9samorcez le syst\u00e8me mental. Progressivement, vous apprivoisez le vide.<\/p>\n\n\n\n<p>Enfin le dernier mouvement qu\u2019il est essentiel de nourrir consiste \u00e0 alimenter votre mental de pens\u00e9es positives. Dans chaque situation que vous \u00eates amen\u00e9s \u00e0 vivre, il y a toujours du positif, mais aussi du n\u00e9gatif. En portant votre attention plus sur le c\u00f4t\u00e9 positif que sur le c\u00f4t\u00e9 n\u00e9gatif, vous nourrissez une dynamique nouvelle.<\/p>\n\n\n\n<p>Examinons maintenant le pouvoir Cr\u00e9ateur de votre mental. Dans l\u2019univers, l\u2019homme est l\u2019une des rares esp\u00e8ces qui poss\u00e8de se talent particulier de pouvoir fa\u00e7onner sa r\u00e9alit\u00e9. Malheureusement, vous utilisez, aujourd\u2019hui, cette comp\u00e9tence sans en avoir conscience la plus grande partie du temps. C\u2019est cette utilisation en conscience que je vous invite \u00e0 red\u00e9couvrir. Pour cela, vous devez commencer \u00e0 vous autoriser \u00e0 demander ce dont vous avez besoin \u00e0 l\u2019univers. Ensuite vous pouvez visualiser la r\u00e9alit\u00e9 nouvelle que vous souhaitez vivre puis simplement la prot\u00e9ger \u00e0 l\u2019ext\u00e9rieur de vous en demandant qu\u2019elle se r\u00e9alise. Lorsque vous avez int\u00e9gr\u00e9 ce processus, il ne vous reste plus qu\u2019\u00e0 entrer dans votre responsabilit\u00e9 de Cr\u00e9ateurs en vous pla\u00e7ant dans la justesse pour vous-m\u00eame et les autres. Vous vous installez dans la paix int\u00e9rieure, mais aussi l\u2019authenticit\u00e9 et l\u2019amour. Cette posture de responsabilit\u00e9 alimente une Neutralit\u00e9 Bienveillante pour vous-m\u00eame et pour les autres.<\/p>\n\n\n\n<p>Humilit\u00e9 et Gratitude<\/p>\n\n\n\n<p>Partag\u00e9 par Messages C\u00e9lestes : https:\/\/messagescelestes.ca<\/p>\n<div class=\"fcbkbttn_buttons_block\" id=\"fcbkbttn_left\"><div class=\"fcbkbttn_like \"><fb:like href=\"https:\/\/la-flamme-verte.fr\/index.php\/2021\/02\/01\/sortir-de-lhyperactivite-mentale-et-redecouvrir-notre-pouvoir-createur-archange-raphael\/\" action=\"like\" colorscheme=\"light\" layout=\"standard\"  width=\"225px\" size=\"small\"><\/fb:like><\/div><div class=\"fb-share-button  \" data-href=\"https:\/\/la-flamme-verte.fr\/index.php\/2021\/02\/01\/sortir-de-lhyperactivite-mentale-et-redecouvrir-notre-pouvoir-createur-archange-raphael\/\" data-type=\"button_count\" data-size=\"small\"><\/div><\/div>","protected":false},"excerpt":{"rendered":"<p>https:\/\/messagescelestes.ca\/sortir-de-lhyperactivite-mentale-et-redecouvrir-notre-pouvoir-createur\/ Je suis Rapha\u00ebl, l\u2019archange des soigneurs, des m\u00e9decins et des alchimistes. Mon rayon vert porte la gu\u00e9rison pour peu que vous le laissiez envahir votre \u00eatre. Depuis plusieurs mill\u00e9naires, durant l\u2019\u00e8re du Poisson, vous avez d\u00e9velopp\u00e9 puis exploit\u00e9 la capacit\u00e9 d\u2019analyse de votre mental en cherchant \u00e0 comprendre, \u00e0 analyser, \u00e0 d\u00e9cortiquer la r\u00e9alit\u00e9. [&hellip;]<\/p>\n","protected":false},"author":1,"featured_media":0,"comment_status":"open","ping_status":"open","sticky":false,"template":"","format":"video","meta":{"footnotes":""},"categories":[1],"tags":[],"class_list":["post-868","post","type-post","status-publish","format-video","hentry","category-uncategorized","post_format-post-format-video"],"_links":{"self":[{"href":"https:\/\/la-flamme-verte.fr\/index.php\/wp-json\/wp\/v2\/posts\/868"}],"collection":[{"href":"https:\/\/la-flamme-verte.fr\/index.php\/wp-json\/wp\/v2\/posts"}],"about":[{"href":"https:\/\/la-flamme-verte.fr\/index.php\/wp-json\/wp\/v2\/types\/post"}],"author":[{"embeddable":true,"href":"https:\/\/la-flamme-verte.fr\/index.php\/wp-json\/wp\/v2\/users\/1"}],"replies":[{"embeddable":true,"href":"https:\/\/la-flamme-verte.fr\/index.php\/wp-json\/wp\/v2\/comments?post=868"}],"version-history":[{"count":3,"href":"https:\/\/la-flamme-verte.fr\/index.php\/wp-json\/wp\/v2\/posts\/868\/revisions"}],"predecessor-version":[{"id":945,"href":"https:\/\/la-flamme-verte.fr\/index.php\/wp-json\/wp\/v2\/posts\/868\/revisions\/945"}],"wp:attachment":[{"href":"https:\/\/la-flamme-verte.fr\/index.php\/wp-json\/wp\/v2\/media?parent=868"}],"wp:term":[{"taxonomy":"category","embeddable":true,"href":"https:\/\/la-flamme-verte.fr\/index.php\/wp-json\/wp\/v2\/categories?post=868"},{"taxonomy":"post_tag","embeddable":true,"href":"https:\/\/la-flamme-verte.fr\/index.php\/wp-json\/wp\/v2\/tags?post=868"}],"curies":[{"name":"wp","href":"https:\/\/api.w.org\/{rel}","templated":true}]}}