{"id":827,"date":"2020-03-11T15:48:36","date_gmt":"2020-03-11T15:48:36","guid":{"rendered":"http:\/\/la-flamme-verte.fr\/?p=827"},"modified":"2020-03-11T15:48:36","modified_gmt":"2020-03-11T15:48:36","slug":"message-de-larchange-raphael","status":"publish","type":"post","link":"https:\/\/la-flamme-verte.fr\/index.php\/2020\/03\/11\/message-de-larchange-raphael\/","title":{"rendered":"Message de l\u2019archange Rapha\u00ebl !"},"content":{"rendered":"\n<figure class=\"wp-block-video\"><\/figure>\n\n\n\n<div class=\"wp-block-image\"><figure class=\"aligncenter size-large\"><img loading=\"lazy\" decoding=\"async\" width=\"457\" height=\"609\" src=\"http:\/\/la-flamme-verte.fr\/wp-content\/uploads\/2020\/03\/message-de-larchange-raphael.jpg\" alt=\"\" class=\"wp-image-828\" srcset=\"https:\/\/la-flamme-verte.fr\/wp-content\/uploads\/2020\/03\/message-de-larchange-raphael.jpg 457w, https:\/\/la-flamme-verte.fr\/wp-content\/uploads\/2020\/03\/message-de-larchange-raphael-225x300.jpg 225w, https:\/\/la-flamme-verte.fr\/wp-content\/uploads\/2020\/03\/message-de-larchange-raphael-113x150.jpg 113w\" sizes=\"(max-width: 457px) 100vw, 457px\" \/><\/figure><\/div>\n\n\n\n<h4 class=\"has-text-align-center wp-block-heading\"><a href=\"https:\/\/pressegalactique.com\/2020\/03\/11\/message-de-larchange-raphael\/?utm_source=dlvr.it&amp;utm_medium=facebook\">https:\/\/pressegalactique.com\/2020\/03\/11\/message-de-larchange-raphael\/?utm_source=dlvr.it&amp;utm_medium=facebook<\/a><\/h4>\n\n\n\n<p><em>Transmis par Marlene Swetlishoff<\/em><\/p>\n\n\n\n<p>Bien-aim\u00e9s,<\/p>\n\n\n\n<p>Je viens sur les ailes de l\u2019amour pour vous parler de ces temps tr\u00e8s favorables qui s\u2019offrent \u00e0 vous. C\u2019est vraiment l\u2019une des plus grandes opportunit\u00e9s pour int\u00e9grer la plus haute Lumi\u00e8re en vous et sur votre ch\u00e8re plan\u00e8te ! En vous visualisant comme \u00e9tant entour\u00e9s par la Lumi\u00e8re Dor\u00e9e du Christ, vous ancrez et \u00e9tablissez votre Corps de Lumi\u00e8re autour de votre syst\u00e8me d\u2019exploitation humain et permettez \u00e0 la connexion avec votre Soi Divin de se manifester en vous et \u00e0 travers vous. Plus vous serez nombreux \u00e0 l\u2019int\u00e9grer, plus les b\u00e9n\u00e9dictions qui s\u2019abattront sur la Terre seront grandes. C\u2019est pour cela que vous \u00eates venus sur Terre.<\/p>\n\n\n\n<p>Osez r\u00eaver de grands r\u00eaves, osez vous consid\u00e9rer comme illimit\u00e9s, avec des potentiels et des possibilit\u00e9s indicibles. C\u2019est le moment pour vous de manifester toute la Lumi\u00e8re et la grandeur que vous \u00eates vraiment. N\u2019ayez pas peur de marcher dans le rayonnement brillant de votre Lumi\u00e8re int\u00e9rieure, peu importe si les autres autour de vous ne peuvent pas voir cette Lumi\u00e8re, il importe seulement que vous le fassiez, car en faisant cela, la plan\u00e8te enti\u00e8re et tous ses habitants sont b\u00e9nis, gu\u00e9ris et \u00e9lev\u00e9s.<\/p>\n\n\n\n<p>C\u2019est l\u2019objectif en ce moment, d\u2019\u00e9lever toutes les \u00e2mes sur la Terre \u00e0 un \u00e9tat si \u00e9lev\u00e9 que cela s\u2019\u00e9tablira de fa\u00e7on permanente sur les grilles de la Terre et que cela deviendra alors de plus en plus important. Vous jouez vraiment aux grands magiciens en ce moment o\u00f9 tout est possible, o\u00f9 vous pouvez cr\u00e9er le plus haut et le meilleur r\u00e9sultat pour tous ceux qui sont concern\u00e9s. Soyez audacieux dans votre imagination, faites des voyages dans les royaumes encore invisibles, la conscience int\u00e9rieure, osez prendre votre envol !<\/p>\n\n\n\n<p>Gardez votre connexion \u00e9tablie et ancr\u00e9e dans la Terre m\u00e8re \u00e0 tout moment. Vous serez toujours soutenus et nourris par elle de cette mani\u00e8re. C\u2019est un \u00eatre tr\u00e8s sensible et conscient qui a endur\u00e9 tant de choses par amour pour tous ses habitants. \u00c9tablir consciemment un lien avec la Terre m\u00e8re chaque jour vous sera tr\u00e8s b\u00e9n\u00e9fique, car c\u2019est ainsi que vous conna\u00eetrez la v\u00e9rit\u00e9 sur ce qui se passe autour de vous.<\/p>\n\n\n\n<p>Nous vous disons que le secret est d\u2019avoir ce lien avec la Terre. Ensemble, vous marcherez dans la grandeur et la majest\u00e9. C\u2019est le destin de la Terre et de toute l\u2019humanit\u00e9. Cela n\u00e9cessite que vous vous souveniez de vous connecter chaque jour, mais cela m\u00e9rite certainement vos efforts dans le grand tableau de la Vie. Chaque jour, faites ces actions et pensez \u00e0 ces pens\u00e9es qui vous maintiennent dans un \u00e9tat \u00e9lev\u00e9 de joie et de bonheur.<\/p>\n\n\n\n<p>Au fur et \u00e0 mesure que vous vivez les jours \u00e0 venir, prenez le temps de ressentir de la gratitude envers la Terre et la Source de Toute Vie et cela vous apportera les b\u00e9n\u00e9dictions de l\u2019Univers. La Terre et les cycles de la Terre vous soutiendront et vous nourriront. Prenez le temps, malgr\u00e9 vos horaires charg\u00e9s, de vous aimer et de vous honorer pour le travail vraiment formidable que vous accomplissez ici sur votre plan\u00e8te. Offrez-vous ce qui vous procure la plus grande joie et la plus grande paix. Soyez un v\u00e9ritable porteur de joie, ressentez-la en vous et rayonnez-la vers les autres. Votre sph\u00e8re d\u2019influence s\u2019\u00e9tend bien plus loin que vous ne le pensez actuellement et votre pr\u00e9sence fait une \u00e9norme diff\u00e9rence pour tous.<\/p>\n\n\n\n<p>C\u2019est aussi un excellent moment pour faire appel aux Archanges et \u00e0 tous les royaumes Ang\u00e9liques pour vous aider et vous assister dans votre vie quotidienne. Nous sommes pr\u00eats et d\u00e9sireux de nous mettre \u00e0 vos c\u00f4t\u00e9s. Nous sommes l\u00e9gion autour de vous et vous \u00eates prot\u00e9g\u00e9s par nous. Sentez l\u2019amour que nous vous portons et prenez quelques instants chaque jour pour vous rappeler que nous sommes avec vous et que nous vous aimons inconditionnellement.<\/p>\n\n\n\n<p>JE SUIS Archange Rapha\u00ebl.<\/p>\n\n\n\n<p><em>Traduit par Messages C\u00e9lestes<\/em><\/p>\n\n\n\n<p><em>Partag\u00e9 par&nbsp;<a href=\"https:\/\/pressegalactique.com\/\" target=\"_blank\" rel=\"noreferrer noopener\">la Presse Galactique<\/a><\/em><\/p>\n<div class=\"fcbkbttn_buttons_block\" id=\"fcbkbttn_left\"><div class=\"fcbkbttn_like \"><fb:like href=\"https:\/\/la-flamme-verte.fr\/index.php\/2020\/03\/11\/message-de-larchange-raphael\/\" action=\"like\" colorscheme=\"light\" layout=\"standard\"  width=\"225px\" size=\"small\"><\/fb:like><\/div><div class=\"fb-share-button  \" data-href=\"https:\/\/la-flamme-verte.fr\/index.php\/2020\/03\/11\/message-de-larchange-raphael\/\" data-type=\"button_count\" data-size=\"small\"><\/div><\/div>","protected":false},"excerpt":{"rendered":"<p>https:\/\/pressegalactique.com\/2020\/03\/11\/message-de-larchange-raphael\/?utm_source=dlvr.it&amp;utm_medium=facebook Transmis par Marlene Swetlishoff Bien-aim\u00e9s, Je viens sur les ailes de l\u2019amour pour vous parler de ces temps tr\u00e8s favorables qui s\u2019offrent \u00e0 vous. C\u2019est vraiment l\u2019une des plus grandes opportunit\u00e9s pour int\u00e9grer la plus haute Lumi\u00e8re en vous et sur votre ch\u00e8re plan\u00e8te ! En vous visualisant comme \u00e9tant entour\u00e9s par la Lumi\u00e8re [&hellip;]<\/p>\n","protected":false},"author":1,"featured_media":0,"comment_status":"open","ping_status":"open","sticky":false,"template":"","format":"video","meta":{"footnotes":""},"categories":[1],"tags":[],"class_list":["post-827","post","type-post","status-publish","format-video","hentry","category-uncategorized","post_format-post-format-video"],"_links":{"self":[{"href":"https:\/\/la-flamme-verte.fr\/index.php\/wp-json\/wp\/v2\/posts\/827"}],"collection":[{"href":"https:\/\/la-flamme-verte.fr\/index.php\/wp-json\/wp\/v2\/posts"}],"about":[{"href":"https:\/\/la-flamme-verte.fr\/index.php\/wp-json\/wp\/v2\/types\/post"}],"author":[{"embeddable":true,"href":"https:\/\/la-flamme-verte.fr\/index.php\/wp-json\/wp\/v2\/users\/1"}],"replies":[{"embeddable":true,"href":"https:\/\/la-flamme-verte.fr\/index.php\/wp-json\/wp\/v2\/comments?post=827"}],"version-history":[{"count":2,"href":"https:\/\/la-flamme-verte.fr\/index.php\/wp-json\/wp\/v2\/posts\/827\/revisions"}],"predecessor-version":[{"id":830,"href":"https:\/\/la-flamme-verte.fr\/index.php\/wp-json\/wp\/v2\/posts\/827\/revisions\/830"}],"wp:attachment":[{"href":"https:\/\/la-flamme-verte.fr\/index.php\/wp-json\/wp\/v2\/media?parent=827"}],"wp:term":[{"taxonomy":"category","embeddable":true,"href":"https:\/\/la-flamme-verte.fr\/index.php\/wp-json\/wp\/v2\/categories?post=827"},{"taxonomy":"post_tag","embeddable":true,"href":"https:\/\/la-flamme-verte.fr\/index.php\/wp-json\/wp\/v2\/tags?post=827"}],"curies":[{"name":"wp","href":"https:\/\/api.w.org\/{rel}","templated":true}]}}