{"id":819,"date":"2020-03-05T14:40:48","date_gmt":"2020-03-05T14:40:48","guid":{"rendered":"http:\/\/la-flamme-verte.fr\/?p=819"},"modified":"2020-03-05T14:40:48","modified_gmt":"2020-03-05T14:40:48","slug":"hilarion-mise-a-jour-mars-2020","status":"publish","type":"post","link":"https:\/\/la-flamme-verte.fr\/index.php\/2020\/03\/05\/hilarion-mise-a-jour-mars-2020\/","title":{"rendered":"Hilarion : Mise \u00e0 jour \u2013 Mars 2020 !"},"content":{"rendered":"\n<figure class=\"wp-block-video\"><\/figure>\n\n\n\n<figure class=\"wp-block-image size-large\"><img loading=\"lazy\" decoding=\"async\" width=\"696\" height=\"459\" src=\"http:\/\/la-flamme-verte.fr\/wp-content\/uploads\/2020\/03\/La-Joie-en-vous-696x459-1.jpg\" alt=\"\" class=\"wp-image-820\" srcset=\"https:\/\/la-flamme-verte.fr\/wp-content\/uploads\/2020\/03\/La-Joie-en-vous-696x459-1.jpg 696w, https:\/\/la-flamme-verte.fr\/wp-content\/uploads\/2020\/03\/La-Joie-en-vous-696x459-1-300x198.jpg 300w, https:\/\/la-flamme-verte.fr\/wp-content\/uploads\/2020\/03\/La-Joie-en-vous-696x459-1-150x99.jpg 150w\" sizes=\"(max-width: 696px) 100vw, 696px\" \/><\/figure>\n\n\n\n<h4 class=\"has-text-align-center wp-block-heading\"><a href=\"https:\/\/messagescelestes.ca\/hilarion-mise-a-jour-mars-2020\/\">https:\/\/messagescelestes.ca\/hilarion-mise-a-jour-mars-2020\/<\/a><\/h4>\n\n\n\n<p>Bien-aim\u00e9s,<\/p>\n\n\n\n<p>Je viens sur les ailes de l\u2019amour ! L\u2019intensit\u00e9 des \u00e9nergies venant du cosmos a fait remonter \u00e0 la surface la conscience collective de la n\u00e9cessit\u00e9 d\u2019un changement chez les habitants de la Terre. De nombreuses personnes reprennent les cris pour une meilleure fa\u00e7on de vivre en exprimant et en r\u00e9it\u00e9rant les horreurs qui existent encore dans de nombreuses parties du monde. Ceux qui pr\u00f4nent le changement depuis de nombreuses d\u00e9cennies se font \u00e0 nouveau entendre. Ils prennent position contre les horreurs de la guerre et les destructions qu\u2019elle entra\u00eene, en particulier pour les femmes et les enfants. Cet objectif a \u00e9t\u00e9 l\u2019\u0153uvre de leur vie et l\u2019intensit\u00e9 des \u00e9nergies d\u00e9clenche les questions non r\u00e9solues sans qu\u2019aucune solution ne soit donn\u00e9e, en chacun d\u2019eux. Cette activit\u00e9 se poursuivra dans les jours \u00e0 venir.<\/p>\n\n\n\n<p>Il est important de maintenir votre \u00e9quilibre et votre Lumi\u00e8re pendant que cela se poursuit. Il est important d\u2019envoyer de l\u2019amour aux personnes et aux r\u00e9gions du monde o\u00f9 cela se produit. Il est \u00e9galement extr\u00eamement important de rester d\u00e9tach\u00e9 \u2013 ne vous engagez pas avec ces \u00e9nergies discordantes, car elles ont le potentiel de faire en sorte que les gens se retrouvent \u00e0 nouveau dans la polarit\u00e9\/dualit\u00e9 de l\u2019ancien paradigme.<\/p>\n\n\n\n<p>Cette \u00e9poque exige des c\u0153urs et des esprits clairs pour pr\u00e9valoir. Les Travailleurs de Lumi\u00e8re et les Illuminateurs ont travaill\u00e9 dur pour s\u2019extraire du monde souterrain, des sch\u00e9mas de bouclage en basse dimension, et ils connaissent les dangers inh\u00e9rents \u00e0 cette voie. Il existe des moyens \u00e9nergiques et puissants qui peuvent \u00eatre utilis\u00e9s pour aider \u00e0 maintenir l\u2019\u00e9quilibre sur cette plan\u00e8te. Envoyer de la lumi\u00e8re et de l\u2019amour l\u00e0 o\u00f9 cela peut faire une diff\u00e9rence positive est pr\u00e9f\u00e9rable \u00e0 s\u2019impliquer dans sa pr\u00e9sence physique personnelle.<\/p>\n\n\n\n<p>L\u2019objectif de ces temps est de maintenir la Lumi\u00e8re et de ne jamais s\u2019\u00e9carter de son chemin spirituel. Il se passe tellement de choses dans le monde qui vous enl\u00e8veraient cet accomplissement \u2013 utiliser votre discernement, votre clart\u00e9 et votre capacit\u00e9 \u00e0 conna\u00eetre la v\u00e9rit\u00e9 dans chaque situation est primordial. Se conna\u00eetre soi-m\u00eame et \u00eatre fid\u00e8le \u00e0 soi-m\u00eame, c\u2019est la voie \u00e0 suivre ! Vos croyances, votre guidance spirituelle et votre communion avec votre Famille de Lumi\u00e8re vous ont amen\u00e9 jusqu\u2019\u00e0 ce point\u2026 vous avez fait un long chemin. N\u2019h\u00e9sitez pas \u00e0 poursuivre votre chemin\u2026 continuez \u00e0 avancer ! Dans quelques ann\u00e9es, lorsque vous regarderez en arri\u00e8re, vous serez si heureux d\u2019avoir tenu bon ! Concentrez-vous sur un jour \u00e0 la fois\u2026 cela vous aidera \u00e0 vous sentir plus en harmonie et en \u00e9quilibre au fur et \u00e0 mesure que les \u00e9v\u00e9nements du monde qui vous entoure se d\u00e9rouleront. Il y a beaucoup de choses qui s\u2019accomplissent au niveau de la conscience int\u00e9rieure.<\/p>\n\n\n\n<p>Ceux qui sont \u00e0 l\u2019avant-garde du mouvement vers l\u2019\u00e9tablissement de la r\u00e9alit\u00e9 de la Nouvelle Terre d\u00e9couvrent comment interagir avec tous les niveaux de la vie, du macrocosme au microcosme. Nous sommes vraiment tous Un. Nous sommes tous connect\u00e9s\u2026 et chaque partie de la vie est connue et vue, aim\u00e9e et soutenue, nourrie et habilit\u00e9e par la Source Divine. Au fur et \u00e0 mesure que cette compr\u00e9hension se d\u00e9veloppe, l\u2019humanit\u00e9 s\u2019ouvrira davantage \u00e0 une perspective plus \u00e9lev\u00e9e de pl\u00e9nitude, telle qu\u2019elle est contenue dans le mod\u00e8le de l\u2019Unit\u00e9, notre Essence Divine \u00c9ternelle.<\/p>\n\n\n\n<p>La croissance qui a lieu est un chemin autodirig\u00e9 qui soutient le d\u00e9sir de chaque \u00eatre de vivre une vie vraiment authentique en suivant sa propre guidance. Ils embrasseront l\u2019aventure de la d\u00e9couverte de ce qui est possible pour eux. Ils cr\u00e9eront directement le chemin qui les m\u00e8nera au r\u00e9sultat souhait\u00e9.<\/p>\n\n\n\n<p>Pour l\u2019instant, c\u2019est encore \u00ab&nbsp;tout le monde sur le pont&nbsp;\u00bb, alors que nous gardons l\u2019espace du futur glorieux au premier plan dans nos esprits. Continuez \u00e0 vous concentrer sur votre gratitude, vos sentiments de joie et de bonheur en envoyant des b\u00e9n\u00e9dictions et des remerciements \u00e0 Tout Ce Qui Est, en sachant qu\u2019en le pensant, vous le devenez ! L\u2019Univers vous r\u00e9pond en vous donnant plus. Vous \u00eates puissant au-del\u00e0 de la compr\u00e9hension actuelle\u2026 sachez que des niveaux soutenus de bonheur, de joie et de f\u00e9licit\u00e9 dissolvent automatiquement tout ce qui est de faible vibration \u2013 cela vous maintient toujours align\u00e9 sur la Source. Vous ferez l\u2019exp\u00e9rience de miracles, de synchronicit\u00e9s et de s\u00e9rendipit\u00e9 d\u2019une mani\u00e8re qui vous \u00e9tonnera !<\/p>\n\n\n\n<p>Jusqu\u2019au mois prochain\u2026<\/p>\n\n\n\n<p>JE SUIS Hilarion<\/p>\n\n\n\n<p><strong>Traduit et partag\u00e9 par Messages C\u00e9lestes :&nbsp;<a href=\"https:\/\/messagescelestes.ca\/\">https:\/\/messagescelestes.ca<\/a><\/strong><\/p>\n<div class=\"fcbkbttn_buttons_block\" id=\"fcbkbttn_left\"><div class=\"fcbkbttn_like \"><fb:like href=\"https:\/\/la-flamme-verte.fr\/index.php\/2020\/03\/05\/hilarion-mise-a-jour-mars-2020\/\" action=\"like\" colorscheme=\"light\" layout=\"standard\"  width=\"225px\" size=\"small\"><\/fb:like><\/div><div class=\"fb-share-button  \" data-href=\"https:\/\/la-flamme-verte.fr\/index.php\/2020\/03\/05\/hilarion-mise-a-jour-mars-2020\/\" data-type=\"button_count\" data-size=\"small\"><\/div><\/div>","protected":false},"excerpt":{"rendered":"<p>https:\/\/messagescelestes.ca\/hilarion-mise-a-jour-mars-2020\/ Bien-aim\u00e9s, Je viens sur les ailes de l\u2019amour ! L\u2019intensit\u00e9 des \u00e9nergies venant du cosmos a fait remonter \u00e0 la surface la conscience collective de la n\u00e9cessit\u00e9 d\u2019un changement chez les habitants de la Terre. De nombreuses personnes reprennent les cris pour une meilleure fa\u00e7on de vivre en exprimant et en r\u00e9it\u00e9rant les horreurs [&hellip;]<\/p>\n","protected":false},"author":1,"featured_media":0,"comment_status":"open","ping_status":"open","sticky":false,"template":"","format":"video","meta":{"footnotes":""},"categories":[1],"tags":[],"class_list":["post-819","post","type-post","status-publish","format-video","hentry","category-uncategorized","post_format-post-format-video"],"_links":{"self":[{"href":"https:\/\/la-flamme-verte.fr\/index.php\/wp-json\/wp\/v2\/posts\/819"}],"collection":[{"href":"https:\/\/la-flamme-verte.fr\/index.php\/wp-json\/wp\/v2\/posts"}],"about":[{"href":"https:\/\/la-flamme-verte.fr\/index.php\/wp-json\/wp\/v2\/types\/post"}],"author":[{"embeddable":true,"href":"https:\/\/la-flamme-verte.fr\/index.php\/wp-json\/wp\/v2\/users\/1"}],"replies":[{"embeddable":true,"href":"https:\/\/la-flamme-verte.fr\/index.php\/wp-json\/wp\/v2\/comments?post=819"}],"version-history":[{"count":2,"href":"https:\/\/la-flamme-verte.fr\/index.php\/wp-json\/wp\/v2\/posts\/819\/revisions"}],"predecessor-version":[{"id":822,"href":"https:\/\/la-flamme-verte.fr\/index.php\/wp-json\/wp\/v2\/posts\/819\/revisions\/822"}],"wp:attachment":[{"href":"https:\/\/la-flamme-verte.fr\/index.php\/wp-json\/wp\/v2\/media?parent=819"}],"wp:term":[{"taxonomy":"category","embeddable":true,"href":"https:\/\/la-flamme-verte.fr\/index.php\/wp-json\/wp\/v2\/categories?post=819"},{"taxonomy":"post_tag","embeddable":true,"href":"https:\/\/la-flamme-verte.fr\/index.php\/wp-json\/wp\/v2\/tags?post=819"}],"curies":[{"name":"wp","href":"https:\/\/api.w.org\/{rel}","templated":true}]}}