{"id":799,"date":"2020-02-08T14:44:46","date_gmt":"2020-02-08T14:44:46","guid":{"rendered":"http:\/\/la-flamme-verte.fr\/?p=799"},"modified":"2020-02-08T14:44:46","modified_gmt":"2020-02-08T14:44:46","slug":"hilarion-mise-a-jour-fevrier-2020-2","status":"publish","type":"post","link":"https:\/\/la-flamme-verte.fr\/index.php\/2020\/02\/08\/hilarion-mise-a-jour-fevrier-2020-2\/","title":{"rendered":"Hilarion : Mise \u00e0 jour \u2013 f\u00e9vrier 2020 !"},"content":{"rendered":"\n<figure class=\"wp-block-video\"><\/figure>\n\n\n\n<div class=\"wp-block-image\"><figure class=\"aligncenter size-large\"><img loading=\"lazy\" decoding=\"async\" width=\"400\" height=\"303\" src=\"http:\/\/la-flamme-verte.fr\/wp-content\/uploads\/2020\/02\/Hilarion-1.jpg\" alt=\"\" class=\"wp-image-800\" srcset=\"https:\/\/la-flamme-verte.fr\/wp-content\/uploads\/2020\/02\/Hilarion-1.jpg 400w, https:\/\/la-flamme-verte.fr\/wp-content\/uploads\/2020\/02\/Hilarion-1-300x227.jpg 300w, https:\/\/la-flamme-verte.fr\/wp-content\/uploads\/2020\/02\/Hilarion-1-150x114.jpg 150w\" sizes=\"(max-width: 400px) 100vw, 400px\" \/><\/figure><\/div>\n\n\n\n<h4 class=\"has-text-align-center wp-block-heading\"><a href=\"https:\/\/pressegalactique.com\/2020\/02\/08\/hilarion-mise-a-jour-fevrier-2020\/\">https:\/\/pressegalactique.com\/2020\/02\/08\/hilarion-mise-a-jour-fevrier-2020\/<\/a><\/h4>\n\n\n\n<p><em>Transmis par Marlene Swetlishoff<\/em><\/p>\n\n\n\n<p>Bien-aim\u00e9s,<\/p>\n\n\n\n<p>Je viens sur les ailes de l\u2019amour ! Tout autour de vous, les r\u00e8gnes et royaumes invisibles travaillent sans cesse \u00e0 cr\u00e9er l\u2019Ordre Divin alors que les anciennes structures s\u2019effondrent. Tout sur cette plan\u00e8te est renouvel\u00e9 et recr\u00e9\u00e9 dans un tout coh\u00e9sif plus fonctionnel. La nouvelle r\u00e9alit\u00e9 terrestre exige de nouvelles voies et de nouvelles perspectives qui tiendront compte du lien entre chaque personne et tout ce qui se trouve dans son environnement et dans le monde qui l\u2019entoure, et m\u00eame dans le cosmos tout entier !<\/p>\n\n\n\n<p>Alors que le monde se transforme autour d\u2019eux, chaque personne est constamment mise au d\u00e9fi d\u2019apporter l\u2019\u00e9quilibre en soi, de fusionner ses \u00e9nergies et ses aspects sup\u00e9rieurs et inf\u00e9rieurs afin qu\u2019une compr\u00e9hension des deux r\u00e9alit\u00e9s puisse avoir lieu alors que l\u2019Ancin Monde se fond avec le nouveau. C\u2019est en suivant la guidance de son c\u0153ur sacr\u00e9 que l\u2019on peut prendre des r\u00e9solutions et que les ponts entre les deux r\u00e9alit\u00e9s peuvent \u00eatre forg\u00e9s et renforc\u00e9s. C\u2019est une exp\u00e9rience exaltante de la joie de la cr\u00e9ation, le moment o\u00f9 des miracles et des \u00e9v\u00e9nements inattendus peuvent et vont se produire.<\/p>\n\n\n\n<p>Un nouveau niveau de compr\u00e9hension s\u2019ouvre \u00e0 ceux qui ont les yeux pour voir et les oreilles pour entendre. Une transition s\u2019op\u00e8re \u00e0 mesure que de nouveaux aspects du Soi \u00e9mergent pour apporter un nouveau point de vue \u00e0 l\u2019image globale de sa r\u00e9alit\u00e9. Cela facilite la possibilit\u00e9 de prendre un nouveau d\u00e9part et de se renouveler en abandonnant ce qui n\u2019est plus productif ou propice \u00e0 sa croissance et \u00e0 son expansion spirituelles. La croissance cr\u00e9ative a lieu et la belle Lumi\u00e8re int\u00e9rieure brille alors que l\u2019on se recentre et se focalise sur la magnificence de sa Divinit\u00e9 inn\u00e9e.<\/p>\n\n\n\n<p>De nombreux changements se profilent \u00e0 l\u2019horizon pour les peuples du monde. Certains de ces changements sont le r\u00e9sultat d\u2019\u00e9v\u00e9nements terrestres qui pourraient se produire lorsque la plan\u00e8te passe \u00e0 une octave sup\u00e9rieure de fr\u00e9quence tonale. Cela cr\u00e9era des changements dans la cro\u00fbte terrestre qui pourraient entra\u00eener l\u2019enfoncement de certaines terres et le rel\u00e8vement d\u2019autres terres sous les oc\u00e9ans. Ces changements seront ceux qui sont in\u00e9vitables en raison de certaines \u00e9nergies chaotiques qui seront en jeu. Votre participation \u00e0 vos pri\u00e8res et d\u00e9crets quotidiens a d\u00e9j\u00e0 eu un effet plus positif sur les r\u00e9sultats finaux qu\u2019avant que vous n\u2019entrepreniez cette action.<\/p>\n\n\n\n<p>De nombreux \u00eatres de Lumi\u00e8re des royaumes sup\u00e9rieurs se sont rassembl\u00e9s pour se pr\u00e9parer \u00e0 d\u2019\u00e9ventuels \u00e9v\u00e9nements qui pourraient se produire dans les mois \u00e0 venir. Soyez assur\u00e9s que tout ce qui peut \u00eatre fait pour \u00e9viter les dangers possibles pour les personnes et les animaux est pris en compte dans la mesure o\u00f9 les mouvements de terre sont concern\u00e9s. C\u2019est le d\u00e9sir sinc\u00e8re de votre ch\u00e8re M\u00e8re la Terre que tous ses habitants poursuivent leur existence au fur et \u00e0 mesure des changements. C\u2019est le moment d\u2019aller souvent \u00e0 l\u2019int\u00e9rieur pour \u00eatre guid\u00e9 et orient\u00e9, puis d\u2019y donner suite.<\/p>\n\n\n\n<p>Jusqu\u2019au mois prochain\u2026<\/p>\n\n\n\n<p>JE SUIS Hilarion<\/p>\n\n\n\n<p><em>Source:&nbsp;<\/em><a href=\"https:\/\/www.therainbowscribe.com\/hilarionfebruary2020.htm\" target=\"_blank\" rel=\"noreferrer noopener\"><em>https:\/\/www.therainbowscribe.com\/<\/em><\/a><\/p>\n\n\n\n<p><em>Traduction https:\/\/messagescelestes.ca<\/em><\/p>\n\n\n\n<p><em>Partag\u00e9 par&nbsp;<a href=\"https:\/\/pressegalactique.com\/\" target=\"_blank\" rel=\"noreferrer noopener\">la Presse Galactique<\/a><\/em><\/p>\n<div class=\"fcbkbttn_buttons_block\" id=\"fcbkbttn_left\"><div class=\"fcbkbttn_like \"><fb:like href=\"https:\/\/la-flamme-verte.fr\/index.php\/2020\/02\/08\/hilarion-mise-a-jour-fevrier-2020-2\/\" action=\"like\" colorscheme=\"light\" layout=\"standard\"  width=\"225px\" size=\"small\"><\/fb:like><\/div><div class=\"fb-share-button  \" data-href=\"https:\/\/la-flamme-verte.fr\/index.php\/2020\/02\/08\/hilarion-mise-a-jour-fevrier-2020-2\/\" data-type=\"button_count\" data-size=\"small\"><\/div><\/div>","protected":false},"excerpt":{"rendered":"<p>https:\/\/pressegalactique.com\/2020\/02\/08\/hilarion-mise-a-jour-fevrier-2020\/ Transmis par Marlene Swetlishoff Bien-aim\u00e9s, Je viens sur les ailes de l\u2019amour ! Tout autour de vous, les r\u00e8gnes et royaumes invisibles travaillent sans cesse \u00e0 cr\u00e9er l\u2019Ordre Divin alors que les anciennes structures s\u2019effondrent. Tout sur cette plan\u00e8te est renouvel\u00e9 et recr\u00e9\u00e9 dans un tout coh\u00e9sif plus fonctionnel. La nouvelle r\u00e9alit\u00e9 terrestre exige [&hellip;]<\/p>\n","protected":false},"author":1,"featured_media":0,"comment_status":"open","ping_status":"open","sticky":false,"template":"","format":"video","meta":{"footnotes":""},"categories":[1],"tags":[],"class_list":["post-799","post","type-post","status-publish","format-video","hentry","category-uncategorized","post_format-post-format-video"],"_links":{"self":[{"href":"https:\/\/la-flamme-verte.fr\/index.php\/wp-json\/wp\/v2\/posts\/799"}],"collection":[{"href":"https:\/\/la-flamme-verte.fr\/index.php\/wp-json\/wp\/v2\/posts"}],"about":[{"href":"https:\/\/la-flamme-verte.fr\/index.php\/wp-json\/wp\/v2\/types\/post"}],"author":[{"embeddable":true,"href":"https:\/\/la-flamme-verte.fr\/index.php\/wp-json\/wp\/v2\/users\/1"}],"replies":[{"embeddable":true,"href":"https:\/\/la-flamme-verte.fr\/index.php\/wp-json\/wp\/v2\/comments?post=799"}],"version-history":[{"count":2,"href":"https:\/\/la-flamme-verte.fr\/index.php\/wp-json\/wp\/v2\/posts\/799\/revisions"}],"predecessor-version":[{"id":802,"href":"https:\/\/la-flamme-verte.fr\/index.php\/wp-json\/wp\/v2\/posts\/799\/revisions\/802"}],"wp:attachment":[{"href":"https:\/\/la-flamme-verte.fr\/index.php\/wp-json\/wp\/v2\/media?parent=799"}],"wp:term":[{"taxonomy":"category","embeddable":true,"href":"https:\/\/la-flamme-verte.fr\/index.php\/wp-json\/wp\/v2\/categories?post=799"},{"taxonomy":"post_tag","embeddable":true,"href":"https:\/\/la-flamme-verte.fr\/index.php\/wp-json\/wp\/v2\/tags?post=799"}],"curies":[{"name":"wp","href":"https:\/\/api.w.org\/{rel}","templated":true}]}}