{"id":785,"date":"2020-01-14T18:53:47","date_gmt":"2020-01-14T18:53:47","guid":{"rendered":"http:\/\/la-flamme-verte.fr\/?p=785"},"modified":"2020-01-14T18:53:47","modified_gmt":"2020-01-14T18:53:47","slug":"message-de-raphael-la-lumiere-offrira-des-cles-a-chacun-de-vous","status":"publish","type":"post","link":"https:\/\/la-flamme-verte.fr\/index.php\/2020\/01\/14\/message-de-raphael-la-lumiere-offrira-des-cles-a-chacun-de-vous\/","title":{"rendered":"Message de Rapha\u00ebl : La Lumi\u00e8re offrira des cl\u00e9s \u00e0 chacun de vous !"},"content":{"rendered":"\n<figure class=\"wp-block-video\"><\/figure>\n\n\n\n<figure class=\"wp-block-image size-large\"><img loading=\"lazy\" decoding=\"async\" width=\"696\" height=\"690\" src=\"http:\/\/la-flamme-verte.fr\/wp-content\/uploads\/2020\/01\/Rapha\u00ebl-696x690-4.jpg\" alt=\"\" class=\"wp-image-786\" srcset=\"https:\/\/la-flamme-verte.fr\/wp-content\/uploads\/2020\/01\/Rapha\u00ebl-696x690-4.jpg 696w, https:\/\/la-flamme-verte.fr\/wp-content\/uploads\/2020\/01\/Rapha\u00ebl-696x690-4-300x297.jpg 300w, https:\/\/la-flamme-verte.fr\/wp-content\/uploads\/2020\/01\/Rapha\u00ebl-696x690-4-150x150.jpg 150w\" sizes=\"(max-width: 696px) 100vw, 696px\" \/><\/figure>\n\n\n\n<h4 class=\"has-text-align-center wp-block-heading\"><a href=\"https:\/\/messagescelestes.ca\/la-lumiere-offrira-des-cles-a-chacun-de-vous\/\">https:\/\/messagescelestes.ca\/la-lumiere-offrira-des-cles-a-chacun-de-vous\/<\/a><\/h4>\n\n\n\n<p>Bonjour tout le monde ! C\u2019est Rapha\u00ebl.<\/p>\n\n\n\n<p>La plupart d\u2019entre vous ont maintenant lu des informations sur les ondes d\u2019\u00e9nergie que chacun d\u2019entre vous vit actuellement. Elles ont commenc\u00e9 il y a quelques jours pour la plupart d\u2019entre vous et continueront pendant les deux prochaines semaines. Cette vague d\u2019\u00e9nergie actuelle est en fait assez profonde. Alors que la lumi\u00e8re continue \u00e0 se d\u00e9verser, elle offrira des cl\u00e9s \u00e0 chacun d\u2019entre vous concernant les compr\u00e9hensions int\u00e9rieures, les perc\u00e9es et les puissants changements vers vos d\u00e9sirs de c\u0153ur.<\/p>\n\n\n\n<p>Puisque la plupart d\u2019entre vous, au moins sur Facebook, ont sans doute d\u00e9j\u00e0 lu les qualit\u00e9s de cette \u00e9nergie, je pr\u00e9f\u00e8re parler surtout de la fa\u00e7on de l\u2019exp\u00e9rimenter.<\/p>\n\n\n\n<p>Certains d\u2019entre vous ont gard\u00e9 un d\u00e9sir du c\u0153ur pendant peut-\u00eatre des d\u00e9cennies sans qu\u2019il se r\u00e9alise. Cela a conduit \u00e0 une frustration et un d\u00e9sir incroyables. Et bien s\u00fbr, c\u2019\u00e9tait parfait. Car dans votre exp\u00e9rience de d\u00e9sir et de frustration, vous avez tous \u00e9t\u00e9 forc\u00e9s de vous tourner plus profond\u00e9ment vers l\u2019int\u00e9rieur. Le fait d\u2019\u00eatre continuellement frustr\u00e9 dans vos tentatives de manifester ce que vous d\u00e9siriez, a \u00e9galement offert l\u2019opportunit\u00e9 \u00e0 chacun de vous de devenir plus d\u00e9tach\u00e9 et plus centr\u00e9 sur votre propre moi int\u00e9rieur au lieu de votre d\u00e9sir ext\u00e9rieur.<\/p>\n\n\n\n<p>Pour ceux d\u2019entre vous qui ont gard\u00e9 ces d\u00e9sirs profonds et durables, c\u2019est une p\u00e9riode de r\u00e9alisation possible. Bien s\u00fbr, ce n\u2019est pas universel. Certains d\u2019entre vous peuvent encore avoir des le\u00e7ons \u00e0 apprendre avant de pouvoir exp\u00e9rimenter le fruit de votre travail int\u00e9rieur. Mais pour certains d\u2019entre vous qui ont appris \u00e0 rester centr\u00e9s et in\u00e9branlables dans la contemplation de votre lumi\u00e8re int\u00e9rieure, vous pourriez d\u00e9couvrir que ce que vous d\u00e9siriez se manifestera soudainement.<\/p>\n\n\n\n<p>L\u2019ironie de cette manifestation est que, parce que vous avez appris \u00e0 rester silencieux et centr\u00e9, votre d\u00e9sir s\u2019est peut-\u00eatre grandement att\u00e9nu\u00e9. C\u2019est alors qu\u2019une manifestation peut avoir lieu. Si vous \u00eates consum\u00e9 par le d\u00e9sir de quelque chose ou de quelqu\u2019un, votre \u00e9nergie repoussera en fait cette manifestation. C\u2019est une loi naturelle de l\u2019univers et de votre r\u00eave sur terre. Cependant, lorsque ce d\u00e9sir profond s\u2019est m\u00eal\u00e9 au d\u00e9tachement, alors il est vraiment possible de faire l\u2019exp\u00e9rience de sa manifestation.<\/p>\n\n\n\n<p>Maintenez votre \u00e9quanimit\u00e9. Restez centr\u00e9 et paisible. Est-ce que ce sont les le\u00e7ons essentielles pour tout le monde ? Oui en effet, ce sont les le\u00e7ons fondamentales pour chacun de vous qui verront enfin leurs d\u00e9sirs de c\u0153ur se mat\u00e9rialiser. Gardez la conscience que tout ce qui se manifeste est parfait. Tout ce qui vient vous offrira des exp\u00e9riences et des le\u00e7ons parfaites.<\/p>\n\n\n\n<p>Pour ceux d\u2019entre vous qui sont encore en train de traverser une p\u00e9riode de purification plus lourde, sachez que vous ferez l\u2019exp\u00e9rience de profondes compr\u00e9hensions pendant cette p\u00e9riode. C\u2019est le moment parfait pour apprendre \u00e0 maintenir votre \u00e9tat int\u00e9rieur, peu importe ce qui vient de l\u2019int\u00e9rieur ou que vous rencontrez \u00e0 l\u2019ext\u00e9rieur. Restez dans un \u00e9tat d\u2019Amour. Honorez-vous et honorez tous les autres, peu importe ce qui se passe.<\/p>\n\n\n\n<p>Ceux d\u2019entre vous qui vivent actuellement des relations difficiles dans des sch\u00e9mas qui sont souvent r\u00e9p\u00e9titifs pour vous, peuvent soudainement trouver la capacit\u00e9 de prendre du recul au milieu du drame et de voir l\u2019essence de ce qui se joue. Permettez \u00e0 ces drames de se produire afin que vous puissiez en \u00eatre t\u00e9moin et comprendre vraiment le r\u00f4le que vous jouez. Ensuite, contemplez les le\u00e7ons qui sont inh\u00e9rentes \u00e0 ces exp\u00e9riences.<\/p>\n\n\n\n<p>Souvent, ces drames proviennent d\u2019un manque d\u2019amour de soi. Souvenez-vous que tout ce que vous vivez est une projection de votre propre \u00eatre int\u00e9rieur. Alors, au lieu de r\u00e9sister int\u00e9rieurement \u00e0 une exp\u00e9rience, offrez-lui silencieusement de l\u2019amour. Embrassez-la comme une expression d\u2019une partie bless\u00e9e de votre propre moi que vous pouvez gu\u00e9rir par votre amour et laissez ces parties de vous \u00eatre gu\u00e9ries.<\/p>\n\n\n\n<p>Certains d\u2019entre vous peuvent se trouver confront\u00e9s \u00e0 de nouveaux d\u00e9fis ou \u00e0 de nouvelles exp\u00e9riences que vous n\u2019avez jamais v\u00e9cues auparavant. Permettez-vous de rester ouverts \u00e0 ces exp\u00e9riences et \u00e0 ces d\u00e9fis. Bien que l\u2019instinct humain soit de se contracter et d\u2019\u00e9prouver au moins une certaine peur, permettez-vous plut\u00f4t de vous \u00e9largir et de danser avec une joie int\u00e9rieure \u00e0 la nouveaut\u00e9 de la situation. Ensuite, laissez-vous enseigner les le\u00e7ons qu\u2019elle est venu vous offrir.<\/p>\n\n\n\n<p>Pendant les deux prochaines semaines, profitez de l\u2019exp\u00e9rience d\u2019une lumi\u00e8re accrue qui danse autour de chacun de vous. Ouvrez-vous \u00e0 tout ce que cette lumi\u00e8re vous offre et embrassez-la avec joie. Au lieu de r\u00e9sister, apprenez \u00e0 vous ouvrir encore plus profond\u00e9ment \u00e0 la b\u00e9atitude qu\u2019elle porte. Et permettez-vous d\u2019\u00eatre port\u00e9s par l\u2019amour universel.<\/p>\n\n\n\n<p>Chacun de nous offre \u00e0 chacun de vous son amour et son respect les plus profonds,<\/p>\n\n\n\n<p>Rapha\u00ebl<\/p>\n\n\n\n<p><strong>Traduit et partag\u00e9 par Messages C\u00e9lestes :&nbsp;<a href=\"https:\/\/messagescelestes.ca\/\">https:\/\/messagescelestes.ca<\/a><\/strong><\/p>\n<div class=\"fcbkbttn_buttons_block\" id=\"fcbkbttn_left\"><div class=\"fcbkbttn_like \"><fb:like href=\"https:\/\/la-flamme-verte.fr\/index.php\/2020\/01\/14\/message-de-raphael-la-lumiere-offrira-des-cles-a-chacun-de-vous\/\" action=\"like\" colorscheme=\"light\" layout=\"standard\"  width=\"225px\" size=\"small\"><\/fb:like><\/div><div class=\"fb-share-button  \" data-href=\"https:\/\/la-flamme-verte.fr\/index.php\/2020\/01\/14\/message-de-raphael-la-lumiere-offrira-des-cles-a-chacun-de-vous\/\" data-type=\"button_count\" data-size=\"small\"><\/div><\/div>","protected":false},"excerpt":{"rendered":"<p>https:\/\/messagescelestes.ca\/la-lumiere-offrira-des-cles-a-chacun-de-vous\/ Bonjour tout le monde ! C\u2019est Rapha\u00ebl. La plupart d\u2019entre vous ont maintenant lu des informations sur les ondes d\u2019\u00e9nergie que chacun d\u2019entre vous vit actuellement. Elles ont commenc\u00e9 il y a quelques jours pour la plupart d\u2019entre vous et continueront pendant les deux prochaines semaines. Cette vague d\u2019\u00e9nergie actuelle est en fait assez [&hellip;]<\/p>\n","protected":false},"author":1,"featured_media":0,"comment_status":"open","ping_status":"open","sticky":false,"template":"","format":"video","meta":{"footnotes":""},"categories":[1],"tags":[],"class_list":["post-785","post","type-post","status-publish","format-video","hentry","category-uncategorized","post_format-post-format-video"],"_links":{"self":[{"href":"https:\/\/la-flamme-verte.fr\/index.php\/wp-json\/wp\/v2\/posts\/785"}],"collection":[{"href":"https:\/\/la-flamme-verte.fr\/index.php\/wp-json\/wp\/v2\/posts"}],"about":[{"href":"https:\/\/la-flamme-verte.fr\/index.php\/wp-json\/wp\/v2\/types\/post"}],"author":[{"embeddable":true,"href":"https:\/\/la-flamme-verte.fr\/index.php\/wp-json\/wp\/v2\/users\/1"}],"replies":[{"embeddable":true,"href":"https:\/\/la-flamme-verte.fr\/index.php\/wp-json\/wp\/v2\/comments?post=785"}],"version-history":[{"count":2,"href":"https:\/\/la-flamme-verte.fr\/index.php\/wp-json\/wp\/v2\/posts\/785\/revisions"}],"predecessor-version":[{"id":788,"href":"https:\/\/la-flamme-verte.fr\/index.php\/wp-json\/wp\/v2\/posts\/785\/revisions\/788"}],"wp:attachment":[{"href":"https:\/\/la-flamme-verte.fr\/index.php\/wp-json\/wp\/v2\/media?parent=785"}],"wp:term":[{"taxonomy":"category","embeddable":true,"href":"https:\/\/la-flamme-verte.fr\/index.php\/wp-json\/wp\/v2\/categories?post=785"},{"taxonomy":"post_tag","embeddable":true,"href":"https:\/\/la-flamme-verte.fr\/index.php\/wp-json\/wp\/v2\/tags?post=785"}],"curies":[{"name":"wp","href":"https:\/\/api.w.org\/{rel}","templated":true}]}}