{"id":752,"date":"2019-12-11T14:39:21","date_gmt":"2019-12-11T14:39:21","guid":{"rendered":"http:\/\/la-flamme-verte.fr\/?p=752"},"modified":"2019-12-11T14:39:21","modified_gmt":"2019-12-11T14:39:21","slug":"hilarion-mise-a-jour-decembre-2019","status":"publish","type":"post","link":"https:\/\/la-flamme-verte.fr\/index.php\/2019\/12\/11\/hilarion-mise-a-jour-decembre-2019\/","title":{"rendered":"Hilarion : Mise \u00e0 Jour \u2013 D\u00e9cembre 2019 !"},"content":{"rendered":"\n<figure class=\"wp-block-video\"><\/figure>\n\n\n\n<figure class=\"wp-block-image size-large\"><img loading=\"lazy\" decoding=\"async\" width=\"696\" height=\"463\" src=\"http:\/\/la-flamme-verte.fr\/wp-content\/uploads\/2019\/12\/cultiver-les-qualit\u00e9s-damour-696x463.jpg\" alt=\"\" class=\"wp-image-753\" srcset=\"https:\/\/la-flamme-verte.fr\/wp-content\/uploads\/2019\/12\/cultiver-les-qualit\u00e9s-damour-696x463.jpg 696w, https:\/\/la-flamme-verte.fr\/wp-content\/uploads\/2019\/12\/cultiver-les-qualit\u00e9s-damour-696x463-300x200.jpg 300w, https:\/\/la-flamme-verte.fr\/wp-content\/uploads\/2019\/12\/cultiver-les-qualit\u00e9s-damour-696x463-150x100.jpg 150w\" sizes=\"(max-width: 696px) 100vw, 696px\" \/><\/figure>\n\n\n\n<h4 class=\"has-text-align-center wp-block-heading\"><a href=\"https:\/\/messagescelestes.ca\/hilarion-mise-a-jour-decembre-2019\/\">https:\/\/messagescelestes.ca\/hilarion-mise-a-jour-decembre-2019\/<\/a><\/h4>\n\n\n\n<p>Bien-aim\u00e9s,<\/p>\n\n\n\n<p>Je viens sur les ailes de l\u2019amour ! Ainsi, une autre ann\u00e9e est presque pass\u00e9e ! Il y a eu beaucoup de bien qui a \u00e9t\u00e9 accompli, tant individuellement que collectivement pour l\u2019humanit\u00e9. Chaque jour a apport\u00e9 plus \u00e0 la surface de la conscience pour l\u2019observer et lui donner un sens. Rappelez-vous qu\u2019en suivant les directives de son c\u0153ur, on ne s\u2019\u00e9loignera jamais de son chemin spirituel et de son bien le plus \u00e9lev\u00e9. Parfois, cela peut sembler temporaire, mais cela peut \u00eatre redress\u00e9 en se rappelant qui vous \u00eates vraiment \u2013 la lumi\u00e8re, l\u2019amour, la sagesse, la compassion et la bont\u00e9 divine. Peu importe ce qui doit \u00eatre abord\u00e9, vous pouvez le faire !<\/p>\n\n\n\n<p>La ma\u00eetrise de soi devient un mode de vie qui m\u00e8ne \u00e0 de nombreuses r\u00e9v\u00e9lations et d\u00e9couvertes sur soi et sur les autres que l\u2019on n\u2019aurait pas pu discerner auparavant. Cela vous met aussi fermement sur le chemin de la libert\u00e9 alors que vous faites s\u2019\u00e9lever les aspects de votre nature inf\u00e9rieure vers une connaissance et une conscience sup\u00e9rieures en transmutant la nature inf\u00e9rieure vers les qualit\u00e9s plus fines d\u2019un \u00eatre \u00e9clair\u00e9. Au fur et \u00e0 mesure que les qualit\u00e9s sacr\u00e9es de l\u2019amour divin sont embrass\u00e9es, incarn\u00e9es et exprim\u00e9es, plus rapidement Un atteint leur ascension dans une conscience sup\u00e9rieure. En faisant cela, vous \u00eates le phare de l\u2019espoir dans votre monde qui peut am\u00e9liorer la vie de quelqu\u2019un en lui montrant le chemin par votre exemple personnel.<\/p>\n\n\n\n<p>Chaque jour avant de s\u2019endormir, pardonnez, vous et les autres, envoyez-leur des b\u00e9n\u00e9dictions et de l\u2019amour, puis engagez-vous \u00e0 devenir la meilleure version de vous-m\u00eame. Faites briller votre lumi\u00e8re et donnez du pouvoir aux autres dans le voyage de leur \u00e2me en \u00e9levant leur esprit et en les inspirant dans un espace meilleur. Restez fid\u00e8le \u00e0 vous-m\u00eame en vous concentrant avec une intention claire sur le chemin \u00e0 suivre. Concentrez votre temps, votre espace et votre \u00e9nergie vers vos objectifs et le but de votre \u00e2me. Essayez de rester \u00e0 l\u2019\u00e9cart des distractions, des peurs et des illusions et soyez coh\u00e9rent avec votre message aux autres.<\/p>\n\n\n\n<p>Restez humble, car l\u2019humilit\u00e9 est un signe de grandeur \u2013 car vous savez au plus profond de votre \u00eatre que vous \u00eates ici en ces temps \u00e0 cause de la toute-puissance du Divin Cr\u00e9ateur. Vous \u00eates simplement le conduit pour canaliser cette Lumi\u00e8re Divine qui r\u00e9side en vous. Aimez les gens qui vous entourent et validez-les pour ce qu\u2019ils sont en \u00e9mettant une profonde compassion et un souci pour leur bien-\u00eatre. Par votre exemple, vous agissez comme un aimant pour le bonheur, la libert\u00e9 et la g\u00e9n\u00e9rosit\u00e9 et plus vous travaillez \u00e0 cultiver ces qualit\u00e9s de l\u2019int\u00e9rieur, plus elles grandissent dans votre propre caract\u00e8re et identit\u00e9.<\/p>\n\n\n\n<p>Mettez votre confiance dans la vie, que votre c\u0153ur soit en paix, apprenez \u00e0 vous satisfaire en toutes circonstances. Ayez confiance que la vie est de votre c\u00f4t\u00e9 et que tout probl\u00e8me est toujours une occasion ou une le\u00e7on \u00e0 tirer. Faites confiance \u00e0 votre intuition lorsqu\u2019elle se manifeste et agissez en cons\u00e9quence. Permettez \u00e0 la vie de vous guider, de vous conduire et de vous emmener sur le chemin sur lequel vous \u00eates cens\u00e9 marcher. Sachez que les personnes qui ont une confiance profonde dans la bont\u00e9 de la vie sont celles qui vivent des r\u00e9alit\u00e9s bienveillantes. Cette qualit\u00e9 apportera beaucoup de paix et de s\u00e9r\u00e9nit\u00e9 dans votre c\u0153ur et dans votre vie, faisant de vous une personne plus humble, compatissante et aimante.<\/p>\n\n\n\n<p>Jusqu\u2019au mois prochain\u2026.<\/p>\n\n\n\n<p>JE SUIS Hilarion<\/p>\n\n\n\n<p><strong>Traduit et partag\u00e9 par Messages C\u00e9lestes :&nbsp;<a href=\"https:\/\/messagescelestes.ca\/\">https:\/\/messagescelestes.ca<\/a><\/strong><\/p>\n<div class=\"fcbkbttn_buttons_block\" id=\"fcbkbttn_left\"><div class=\"fcbkbttn_like \"><fb:like href=\"https:\/\/la-flamme-verte.fr\/index.php\/2019\/12\/11\/hilarion-mise-a-jour-decembre-2019\/\" action=\"like\" colorscheme=\"light\" layout=\"standard\"  width=\"225px\" size=\"small\"><\/fb:like><\/div><div class=\"fb-share-button  \" data-href=\"https:\/\/la-flamme-verte.fr\/index.php\/2019\/12\/11\/hilarion-mise-a-jour-decembre-2019\/\" data-type=\"button_count\" data-size=\"small\"><\/div><\/div>","protected":false},"excerpt":{"rendered":"<p>https:\/\/messagescelestes.ca\/hilarion-mise-a-jour-decembre-2019\/ Bien-aim\u00e9s, Je viens sur les ailes de l\u2019amour ! Ainsi, une autre ann\u00e9e est presque pass\u00e9e ! Il y a eu beaucoup de bien qui a \u00e9t\u00e9 accompli, tant individuellement que collectivement pour l\u2019humanit\u00e9. Chaque jour a apport\u00e9 plus \u00e0 la surface de la conscience pour l\u2019observer et lui donner un sens. Rappelez-vous qu\u2019en [&hellip;]<\/p>\n","protected":false},"author":1,"featured_media":0,"comment_status":"open","ping_status":"open","sticky":false,"template":"","format":"video","meta":{"footnotes":""},"categories":[1],"tags":[],"class_list":["post-752","post","type-post","status-publish","format-video","hentry","category-uncategorized","post_format-post-format-video"],"_links":{"self":[{"href":"https:\/\/la-flamme-verte.fr\/index.php\/wp-json\/wp\/v2\/posts\/752"}],"collection":[{"href":"https:\/\/la-flamme-verte.fr\/index.php\/wp-json\/wp\/v2\/posts"}],"about":[{"href":"https:\/\/la-flamme-verte.fr\/index.php\/wp-json\/wp\/v2\/types\/post"}],"author":[{"embeddable":true,"href":"https:\/\/la-flamme-verte.fr\/index.php\/wp-json\/wp\/v2\/users\/1"}],"replies":[{"embeddable":true,"href":"https:\/\/la-flamme-verte.fr\/index.php\/wp-json\/wp\/v2\/comments?post=752"}],"version-history":[{"count":2,"href":"https:\/\/la-flamme-verte.fr\/index.php\/wp-json\/wp\/v2\/posts\/752\/revisions"}],"predecessor-version":[{"id":755,"href":"https:\/\/la-flamme-verte.fr\/index.php\/wp-json\/wp\/v2\/posts\/752\/revisions\/755"}],"wp:attachment":[{"href":"https:\/\/la-flamme-verte.fr\/index.php\/wp-json\/wp\/v2\/media?parent=752"}],"wp:term":[{"taxonomy":"category","embeddable":true,"href":"https:\/\/la-flamme-verte.fr\/index.php\/wp-json\/wp\/v2\/categories?post=752"},{"taxonomy":"post_tag","embeddable":true,"href":"https:\/\/la-flamme-verte.fr\/index.php\/wp-json\/wp\/v2\/tags?post=752"}],"curies":[{"name":"wp","href":"https:\/\/api.w.org\/{rel}","templated":true}]}}