{"id":745,"date":"2019-11-29T14:31:43","date_gmt":"2019-11-29T14:31:43","guid":{"rendered":"http:\/\/la-flamme-verte.fr\/?p=745"},"modified":"2019-11-29T14:31:43","modified_gmt":"2019-11-29T14:31:43","slug":"archange-raphael-sur-les-ames-jumelles","status":"publish","type":"post","link":"https:\/\/la-flamme-verte.fr\/index.php\/2019\/11\/29\/archange-raphael-sur-les-ames-jumelles\/","title":{"rendered":"Archange Rapha\u00ebl \u2013 Sur les \u00c2mes Jumelles !"},"content":{"rendered":"\n<figure class=\"wp-block-video\"><\/figure>\n\n\n\n<figure class=\"wp-block-image size-large\"><img loading=\"lazy\" decoding=\"async\" width=\"696\" height=\"389\" src=\"http:\/\/la-flamme-verte.fr\/wp-content\/uploads\/2019\/11\/Archane-Raphael-696x389-4.jpg\" alt=\"\" class=\"wp-image-746\" srcset=\"https:\/\/la-flamme-verte.fr\/wp-content\/uploads\/2019\/11\/Archane-Raphael-696x389-4.jpg 696w, https:\/\/la-flamme-verte.fr\/wp-content\/uploads\/2019\/11\/Archane-Raphael-696x389-4-300x168.jpg 300w, https:\/\/la-flamme-verte.fr\/wp-content\/uploads\/2019\/11\/Archane-Raphael-696x389-4-150x84.jpg 150w\" sizes=\"(max-width: 696px) 100vw, 696px\" \/><\/figure>\n\n\n\n<h4 class=\"has-text-align-center wp-block-heading\"><a href=\"https:\/\/messagescelestes.ca\/archange-raphael-sur-les-ames-jumelles\/\">https:\/\/messagescelestes.ca\/archange-raphael-sur-les-ames-jumelles\/<\/a><\/h4>\n\n\n\n<p>Bonjour, tout le monde ! Voici Rapha\u00ebl.<\/p>\n\n\n\n<p>Poursuivant sur le th\u00e8me de l\u2019amour humain, j\u2019aimerais parler aujourd\u2019hui du concept d\u2019\u00e2mes jumelles. Cela semble \u00eatre un sujet tr\u00e8s populaire ces derniers temps, il semblait donc important d\u2019inclure ce sujet dans notre discussion sur l\u2019amour humain.<\/p>\n\n\n\n<p>Les \u00e2mes jumelles ont le plus souvent \u00e9t\u00e9 d\u00e9crites dans votre monde comme \u00e9tant cr\u00e9\u00e9es par une \u00e2me qui s\u2019est scind\u00e9e en deux et qui a form\u00e9 deux \u00eatres humains dans le but d\u2019une \u00e9ducation sup\u00e9rieure et, finalement, de la croissance spirituelle et des retrouvailles. Dans le concept de votre projection mondaine, cela peut \u00eatre vrai pour vous. Cependant, \u00e0 notre avis, c\u2019est un peu diff\u00e9rent.<\/p>\n\n\n\n<p>Rappelez-vous que nous avons parl\u00e9 \u00e0 plusieurs reprises de la fa\u00e7on dont l\u2019exp\u00e9rience de votre monde est une projection de votre esprit subtil. Cette projection se manifeste par des concepts et des \u00e9motions fortes que vous pouvez avoir, mais surtout par des le\u00e7ons sup\u00e9rieures que vous souhaitez apprendre avant de vivre cette exp\u00e9rience. Ces le\u00e7ons sup\u00e9rieures viennent de votre \u00e2me.<\/p>\n\n\n\n<p>Votre \u00e2me ne s\u2019incarne pas. En fait, aucun d\u2019entre vous ne le sait. Le vous que vous exp\u00e9rimentez maintenant est simplement une expression mentale de vous en tant qu\u2019\u00e2me. Au fur et \u00e0 mesure que votre \u00e2me \u00e9volue, elle apprend par l\u2019exp\u00e9rience, cr\u00e9\u00e9e par son propre moi. Parfois, elle peut exprimer une \u00ab&nbsp;vie&nbsp;\u00bb, d\u2019une mani\u00e8re singuli\u00e8re. Chez d\u2019autres, elle peut exprimer simultan\u00e9ment un certain nombre de manifestations dans sa conscience. Mais c\u2019est toujours dans le but d\u2019apprendre l\u2019Amour, l\u2019expression de la lumi\u00e8re divine dans des circonstances diverses, etc.<\/p>\n\n\n\n<p>L\u2019une des myriades de fa\u00e7ons dont votre \u00e2me peut choisir d\u2019apprendre est par un puissant appariement de sa propre conscience. Ce faisant, elle examine l\u2019exp\u00e9rience de la contraction et de l\u2019expansion de l\u2019\u00e9motion \u00e0 travers l\u2019exp\u00e9rience de l\u2019amour humain puissant et sa qu\u00eate d\u2019union.<\/p>\n\n\n\n<p>Voici comment elle se manifeste. Vous, en tant qu\u2019\u00e2me, concevez une question ou un concept que vous souhaitez explorer davantage. D\u00e8s que ce probl\u00e8me se manifeste en vous, vous projetez instantan\u00e9ment une expression subtile de vous-m\u00eame sur un \u00e9cran de conscience, dans ce cas l\u2019\u00e9cran appel\u00e9 terre. Pendant que vous manifestez cette projection, cette partie de vous fait l\u2019exp\u00e9rience de la vie sur terre comme si elle \u00e9tait compl\u00e8tement r\u00e9elle. Vous sentez, go\u00fbtez, touchez et entendez tout comme si vous \u00e9tiez un \u00eatre humain marchant sur une vraie plan\u00e8te.<\/p>\n\n\n\n<p>Et cette projection, c\u2019est vous telle que vous vous voyez en ce moment dans ce que vous appelez la 3D ou un peu plus haut.<\/p>\n\n\n\n<p>Lorsque la question ou le concept est clarifi\u00e9 et qu\u2019on y r\u00e9pond, la projection se dissout instantan\u00e9ment, et vous, en tant qu\u2019\u00e2me, vous vous retrouvez dans l\u2019\u00e9tat que vous n\u2019avez jamais r\u00e9ellement quitt\u00e9. D\u2019une certaine fa\u00e7on, vous pouvez comparer cette exp\u00e9rience \u00e0 celle d\u2019un r\u00eave vivant. Quand vous vous r\u00e9veillez, vous ressentez que vous ne quittez jamais votre lit, m\u00eame s\u2019il semble que vous ayez eu une vari\u00e9t\u00e9 d\u2019exp\u00e9riences pendant que vous r\u00eaviez.<\/p>\n\n\n\n<p>C\u2019est tr\u00e8s semblable \u00e0 l\u2019exp\u00e9rience d\u2019une \u00e2me quand elle projette sa conscience sur l\u2019\u00e9cran de la terre. Elle fait la m\u00eame chose si elle souhaite faire l\u2019exp\u00e9rience de la vie ailleurs. Et elle peut projeter la m\u00eame conscience simultan\u00e9ment dans n\u2019importe quelle p\u00e9riode de temps qu\u2019elle souhaite.<\/p>\n\n\n\n<p>Non seulement l\u2019\u00e2me peut \u00e9mettre une seule projection. Elle peut simultan\u00e9ment manifester une vari\u00e9t\u00e9 de projections et s\u2019exp\u00e9rimenter pleinement dans chacune d\u2019elles en m\u00eame temps. Ce n\u2019est pas \u00ab&nbsp;diviser l\u2019\u00e2me&nbsp;\u00bb. Au contraire, c\u2019est plus proche d\u2019un r\u00eave de l\u2019\u00e2me qui semble bien r\u00e9el \u00e0 l\u2019\u00e9poque. En raison de la vaste conscience de chaque \u00e2me, il est tr\u00e8s facile pour elle d\u2019exp\u00e9rimenter pleinement plus d\u2019une projection simultan\u00e9ment.<\/p>\n\n\n\n<p>Alors, que sont donc les \u00ab&nbsp;\u00e2mes jumelles&nbsp;\u00bb ? Les \u00e2mes jumelles sont deux expressions\/projections d\u2019une \u00e2me sur son \u00e9cran de conscience, dans ce cas la terre. Ils sont projet\u00e9s afin d\u2019exp\u00e9rimenter et d\u2019apprendre la dynamique d\u2019une forme tr\u00e8s puissante d\u2019amour humain. La question que vous explorez en tant qu\u2019\u00e2me est d\u2019examiner divers \u00ab&nbsp;miroirs&nbsp;\u00bb de l\u2019exp\u00e9rience de l\u2019union compl\u00e8te de l\u2019\u00e2me avec la Source. Ainsi, dans ce cas, vous n\u2019avez pas seulement projet\u00e9 une paire d\u2019humains qui sont puissamment attir\u00e9s les uns vers les autres et remplis de nostalgie. Vous avez aussi exprim\u00e9 d\u2019autres formes d\u2019amour humain pour comparer.<\/p>\n\n\n\n<p>Les \u00e2mes jumelles sont simplement deux projections de vous-m\u00eame en tant qu\u2019\u00e2me afin de faire l\u2019exp\u00e9rience d\u2019un fragment de l\u2019aspiration \u00e0 l\u2019union avec le divin. Un miroir de ce d\u00e9sir est exp\u00e9riment\u00e9 en vous deux et projet\u00e9 sur l\u2019autre au lieu d\u2019\u00eatre concentr\u00e9 sur le Divin. C\u2019est semblable \u00e0 ce que j\u2019ai d\u00e9crit hier dans le<strong>&nbsp;<a href=\"https:\/\/messagescelestes.ca\/archange-raphael-sur-les-relations-amoureuses\/\">processus de rencontre<\/a>&nbsp;<\/strong>o\u00f9 une personne peut projeter son d\u00e9sir d\u2019union avec le Divin sur un autre \u00eatre humain. Dans le processus de l\u2019exp\u00e9rience des \u00e2mes jumelles, chacun de vous doit graduellement apprendre \u00e0 s\u00e9parer ce d\u00e9sir intense de l\u2019exp\u00e9rience de l\u2019union l\u2019un avec l\u2019autre (y compris l\u2019approche et l\u2019\u00e9vitement de celle-ci) et \u00e0 d\u00e9placer ce d\u00e9sir vers l\u2019exp\u00e9rience d\u2019union au sein de votre propre Moi.<\/p>\n\n\n\n<p>Dans l\u2019expression contract\u00e9e que vous vivez pendant cette projection, vous avez l\u2019impression d\u2019\u00eatre une partie d\u2019une seule \u00e2me. C\u2019est ce qu\u2019il faut ressentir. Mais rappelez-vous que tout et chacun est une projection de votre \u00e2me.<\/p>\n\n\n\n<p>Le processus des \u00e2mes jumelles est tr\u00e8s semblable \u00e0 celui d\u2019un d\u00e9vot qui aspire constamment \u00e0 \u00eatre avec sa divinit\u00e9 bien-aim\u00e9e. Et en effet, souvent quand des \u00e2mes jumelles sont projet\u00e9es, l\u2019exp\u00e9rience d\u2019un d\u00e9vot est projet\u00e9e soit simultan\u00e9ment, soit peu apr\u00e8s. Tout cela fait partie de vous en tant qu\u2019\u00e2me qui examine l\u2019exp\u00e9rience de votre propre d\u00e9sir d\u2019union avec la Source.<\/p>\n\n\n\n<p>Maintenant, s\u2019il vous pla\u00eet, ne pensez pas que je vous ai tous d\u00e9crits comme une simple projection de votre \u00e2me. Pas du tout ! Vous \u00eates votre \u00e2me. Vous avez simplement oubli\u00e9 que vous avez cr\u00e9\u00e9 ce r\u00eave pour apprendre quelque chose. Tout comme votre r\u00eave la nuit peut sembler tr\u00e8s r\u00e9el, mais alors vous vous r\u00e9veillez, c\u2019est semblable \u00e0 l\u2019exp\u00e9rience de vous en tant que r\u00eave de votre \u00e2me. Votre exp\u00e9rience de r\u00eaver pendant que vous dormez est vraiment un miroir de votre exp\u00e9rience en tant qu\u2019\u00e2me projetant cette r\u00e9alit\u00e9 et vivant en elle, comme si elle \u00e9tait r\u00e9elle. Vous vous r\u00e9veillez alors et vous r\u00e9alisez que vous ne faisiez que r\u00eaver.<\/p>\n\n\n\n<p>Chacun d\u2019entre nous vous aime beaucoup et nous vous envoyons nos b\u00e9n\u00e9dictions,<\/p>\n\n\n\n<p>Rapha\u00ebl<\/p>\n\n\n\n<p><strong>Traduit et partag\u00e9 par Messages C\u00e9lestes :&nbsp;<a href=\"https:\/\/messagescelestes.ca\/\">https:\/\/messagescelestes.ca<\/a><\/strong><\/p>\n<div class=\"fcbkbttn_buttons_block\" id=\"fcbkbttn_left\"><div class=\"fcbkbttn_like \"><fb:like href=\"https:\/\/la-flamme-verte.fr\/index.php\/2019\/11\/29\/archange-raphael-sur-les-ames-jumelles\/\" action=\"like\" colorscheme=\"light\" layout=\"standard\"  width=\"225px\" size=\"small\"><\/fb:like><\/div><div class=\"fb-share-button  \" data-href=\"https:\/\/la-flamme-verte.fr\/index.php\/2019\/11\/29\/archange-raphael-sur-les-ames-jumelles\/\" data-type=\"button_count\" data-size=\"small\"><\/div><\/div>","protected":false},"excerpt":{"rendered":"<p>https:\/\/messagescelestes.ca\/archange-raphael-sur-les-ames-jumelles\/ Bonjour, tout le monde ! Voici Rapha\u00ebl. Poursuivant sur le th\u00e8me de l\u2019amour humain, j\u2019aimerais parler aujourd\u2019hui du concept d\u2019\u00e2mes jumelles. Cela semble \u00eatre un sujet tr\u00e8s populaire ces derniers temps, il semblait donc important d\u2019inclure ce sujet dans notre discussion sur l\u2019amour humain. Les \u00e2mes jumelles ont le plus souvent \u00e9t\u00e9 d\u00e9crites dans [&hellip;]<\/p>\n","protected":false},"author":1,"featured_media":0,"comment_status":"open","ping_status":"open","sticky":false,"template":"","format":"video","meta":{"footnotes":""},"categories":[1],"tags":[],"class_list":["post-745","post","type-post","status-publish","format-video","hentry","category-uncategorized","post_format-post-format-video"],"_links":{"self":[{"href":"https:\/\/la-flamme-verte.fr\/index.php\/wp-json\/wp\/v2\/posts\/745"}],"collection":[{"href":"https:\/\/la-flamme-verte.fr\/index.php\/wp-json\/wp\/v2\/posts"}],"about":[{"href":"https:\/\/la-flamme-verte.fr\/index.php\/wp-json\/wp\/v2\/types\/post"}],"author":[{"embeddable":true,"href":"https:\/\/la-flamme-verte.fr\/index.php\/wp-json\/wp\/v2\/users\/1"}],"replies":[{"embeddable":true,"href":"https:\/\/la-flamme-verte.fr\/index.php\/wp-json\/wp\/v2\/comments?post=745"}],"version-history":[{"count":2,"href":"https:\/\/la-flamme-verte.fr\/index.php\/wp-json\/wp\/v2\/posts\/745\/revisions"}],"predecessor-version":[{"id":748,"href":"https:\/\/la-flamme-verte.fr\/index.php\/wp-json\/wp\/v2\/posts\/745\/revisions\/748"}],"wp:attachment":[{"href":"https:\/\/la-flamme-verte.fr\/index.php\/wp-json\/wp\/v2\/media?parent=745"}],"wp:term":[{"taxonomy":"category","embeddable":true,"href":"https:\/\/la-flamme-verte.fr\/index.php\/wp-json\/wp\/v2\/categories?post=745"},{"taxonomy":"post_tag","embeddable":true,"href":"https:\/\/la-flamme-verte.fr\/index.php\/wp-json\/wp\/v2\/tags?post=745"}],"curies":[{"name":"wp","href":"https:\/\/api.w.org\/{rel}","templated":true}]}}