{"id":561,"date":"2018-11-23T21:17:53","date_gmt":"2018-11-23T21:17:53","guid":{"rendered":"http:\/\/la-flamme-verte.fr\/?p=561"},"modified":"2018-11-23T21:17:53","modified_gmt":"2018-11-23T21:17:53","slug":"meditation-de-prosperite-de-larchange-raphael-et-de-merlin","status":"publish","type":"post","link":"https:\/\/la-flamme-verte.fr\/index.php\/2018\/11\/23\/meditation-de-prosperite-de-larchange-raphael-et-de-merlin\/","title":{"rendered":"M\u00e9ditation de Prosp\u00e9rit\u00e9 de l\u2019Archange Rapha\u00ebl et de Merlin !"},"content":{"rendered":"<p style=\"text-align: center;\"><a href=\"http:\/\/la-flamme-verte.fr\/wp-content\/uploads\/2018\/11\/783645_bcce5273cc854363b17777cfb7205225_mv2.jpg\"><img loading=\"lazy\" decoding=\"async\" class=\"alignnone size-medium wp-image-562\" src=\"http:\/\/la-flamme-verte.fr\/wp-content\/uploads\/2018\/11\/783645_bcce5273cc854363b17777cfb7205225_mv2-300x236.jpg\" alt=\"\" width=\"300\" height=\"236\" srcset=\"https:\/\/la-flamme-verte.fr\/wp-content\/uploads\/2018\/11\/783645_bcce5273cc854363b17777cfb7205225_mv2-300x236.jpg 300w, https:\/\/la-flamme-verte.fr\/wp-content\/uploads\/2018\/11\/783645_bcce5273cc854363b17777cfb7205225_mv2-768x604.jpg 768w, https:\/\/la-flamme-verte.fr\/wp-content\/uploads\/2018\/11\/783645_bcce5273cc854363b17777cfb7205225_mv2-150x118.jpg 150w, https:\/\/la-flamme-verte.fr\/wp-content\/uploads\/2018\/11\/783645_bcce5273cc854363b17777cfb7205225_mv2.jpg 1000w\" sizes=\"(max-width: 300px) 100vw, 300px\" \/><\/a><\/p>\n<p style=\"text-align: center;\"><a href=\"https:\/\/les-nouveaux-enfants.wixsite.com\/les-enfants-cristal\/single-post\/2017\/10\/12\/M%C3%A9ditation-de-Prosp%C3%A9rit%C3%A9-de-l%E2%80%99Archange-Rapha%C3%ABl-et-de-Merlin?fbclid=IwAR1xm1Bk0Z2MeaDSG7vP6mQ5Sl14vfkbizAllI5F0ReDvRIpmrhvOLH4lWM\">https:\/\/les-nouveaux-enfants.wixsite.com\/les-enfants-cristal\/single-post\/2017\/10\/12\/M%C3%A9ditation-de-Prosp%C3%A9rit%C3%A9-de-l%E2%80%99Archange-Rapha%C3%ABl-et-de-Merlin?fbclid=IwAR1xm1Bk0Z2MeaDSG7vP6mQ5Sl14vfkbizAllI5F0ReDvRIpmrhvOLH4lWM<\/a><\/p>\n<div class=\"fcbkbttn_buttons_block\" id=\"fcbkbttn_left\"><div class=\"fcbkbttn_like \"><fb:like href=\"https:\/\/la-flamme-verte.fr\/index.php\/2018\/11\/23\/meditation-de-prosperite-de-larchange-raphael-et-de-merlin\/\" action=\"like\" colorscheme=\"light\" layout=\"standard\"  width=\"225px\" size=\"small\"><\/fb:like><\/div><div class=\"fb-share-button  \" data-href=\"https:\/\/la-flamme-verte.fr\/index.php\/2018\/11\/23\/meditation-de-prosperite-de-larchange-raphael-et-de-merlin\/\" data-type=\"button_count\" data-size=\"small\"><\/div><\/div>","protected":false},"excerpt":{"rendered":"<p>https:\/\/les-nouveaux-enfants.wixsite.com\/les-enfants-cristal\/single-post\/2017\/10\/12\/M%C3%A9ditation-de-Prosp%C3%A9rit%C3%A9-de-l%E2%80%99Archange-Rapha%C3%ABl-et-de-Merlin?fbclid=IwAR1xm1Bk0Z2MeaDSG7vP6mQ5Sl14vfkbizAllI5F0ReDvRIpmrhvOLH4lWM<\/p>\n","protected":false},"author":1,"featured_media":0,"comment_status":"open","ping_status":"open","sticky":false,"template":"","format":"video","meta":{"footnotes":""},"categories":[6],"tags":[29,7,269,268],"class_list":["post-561","post","type-post","status-publish","format-video","hentry","category-meditations","tag-larchange-raphael","tag-meditation","tag-merlin","tag-prosperite","post_format-post-format-video"],"_links":{"self":[{"href":"https:\/\/la-flamme-verte.fr\/index.php\/wp-json\/wp\/v2\/posts\/561"}],"collection":[{"href":"https:\/\/la-flamme-verte.fr\/index.php\/wp-json\/wp\/v2\/posts"}],"about":[{"href":"https:\/\/la-flamme-verte.fr\/index.php\/wp-json\/wp\/v2\/types\/post"}],"author":[{"embeddable":true,"href":"https:\/\/la-flamme-verte.fr\/index.php\/wp-json\/wp\/v2\/users\/1"}],"replies":[{"embeddable":true,"href":"https:\/\/la-flamme-verte.fr\/index.php\/wp-json\/wp\/v2\/comments?post=561"}],"version-history":[{"count":1,"href":"https:\/\/la-flamme-verte.fr\/index.php\/wp-json\/wp\/v2\/posts\/561\/revisions"}],"predecessor-version":[{"id":563,"href":"https:\/\/la-flamme-verte.fr\/index.php\/wp-json\/wp\/v2\/posts\/561\/revisions\/563"}],"wp:attachment":[{"href":"https:\/\/la-flamme-verte.fr\/index.php\/wp-json\/wp\/v2\/media?parent=561"}],"wp:term":[{"taxonomy":"category","embeddable":true,"href":"https:\/\/la-flamme-verte.fr\/index.php\/wp-json\/wp\/v2\/categories?post=561"},{"taxonomy":"post_tag","embeddable":true,"href":"https:\/\/la-flamme-verte.fr\/index.php\/wp-json\/wp\/v2\/tags?post=561"}],"curies":[{"name":"wp","href":"https:\/\/api.w.org\/{rel}","templated":true}]}}