{"id":555,"date":"2018-11-11T14:00:50","date_gmt":"2018-11-11T14:00:50","guid":{"rendered":"http:\/\/la-flamme-verte.fr\/?p=555"},"modified":"2018-11-11T14:00:50","modified_gmt":"2018-11-11T14:00:50","slug":"respirez-le-rayon-vert-emeraude-damour-et-de-puissance","status":"publish","type":"post","link":"https:\/\/la-flamme-verte.fr\/index.php\/2018\/11\/11\/respirez-le-rayon-vert-emeraude-damour-et-de-puissance\/","title":{"rendered":"Respirez le Rayon Vert \u00c9meraude d\u2019Amour et de Puissance !"},"content":{"rendered":"<p style=\"text-align: center;\"><a href=\"http:\/\/la-flamme-verte.fr\/wp-content\/uploads\/2018\/11\/la-flamme-verte-archange-Rapha\u00ebl-696x718-1.jpg\"><img loading=\"lazy\" decoding=\"async\" class=\"alignnone size-medium wp-image-556\" src=\"http:\/\/la-flamme-verte.fr\/wp-content\/uploads\/2018\/11\/la-flamme-verte-archange-Rapha\u00ebl-696x718-1-291x300.jpg\" alt=\"\" width=\"291\" height=\"300\" srcset=\"https:\/\/la-flamme-verte.fr\/wp-content\/uploads\/2018\/11\/la-flamme-verte-archange-Rapha\u00ebl-696x718-1-291x300.jpg 291w, https:\/\/la-flamme-verte.fr\/wp-content\/uploads\/2018\/11\/la-flamme-verte-archange-Rapha\u00ebl-696x718-1-145x150.jpg 145w, https:\/\/la-flamme-verte.fr\/wp-content\/uploads\/2018\/11\/la-flamme-verte-archange-Rapha\u00ebl-696x718-1.jpg 696w\" sizes=\"(max-width: 291px) 100vw, 291px\" \/><\/a><\/p>\n<p style=\"text-align: center;\"><a href=\"https:\/\/messagescelestes.ca\/respirez-le-rayon-vert-emeraude-damour-et-de-puissance\/?utm_source=feedburner&amp;utm_medium=email&amp;utm_campaign=Feed%3A+MessagesTerreNouvelle+%28Messages+C%C3%A9lestes%29\">https:\/\/messagescelestes.ca\/respirez-le-rayon-vert-emeraude-damour-et-de-puissance\/?utm_source=feedburner&amp;utm_medium=email&amp;utm_campaign=Feed%3A+MessagesTerreNouvelle+%28Messages+C%C3%A9lestes%29<\/a><\/p>\n<p>&nbsp;<\/p>\n<p style=\"text-align: center;\">Salutations, mes tr\u00e8s chers ! JE SUIS Rapha\u00ebl, JE SUIS Archange d\u2019Amour et de Lumi\u00e8re, JE SUIS Gu\u00e9risseur de l\u2019Univers \u2013 toujours sur appel, au service de la M\u00e8re et pour vous tous.<\/p>\n<p style=\"text-align: center;\">Je viens aujourd\u2019hui pour vous apporter le rayon vert \u00e9meraude d\u2019amour et de puissance. Je viens vous demander de le respirer pour qu\u2019il vous remplisse et vous enveloppe de son pouvoir de gu\u00e9rison chaleureux. Je suis ici pour vous demander de laisser le vert \u00e9meraude de la gu\u00e9rison vous aider dans votre voyage afin que vous puissiez avancer doucement et calmement sur le chemin choisi.<\/p>\n<p style=\"text-align: center;\">La gu\u00e9rison vient du pardon de vous-m\u00eames et de toutes les exp\u00e9riences n\u00e9gatives dont vous vous souvenez. Il y a des morceaux amers de votre histoire qui vous viennent \u00e0 l\u2019esprit de cette vie, et d\u2019autres des pr\u00e9c\u00e9dentes, mais cela n\u2019importe vraiment pas quand vous choisissez de vivre l\u2019une de ces le\u00e7ons difficiles. Ce qui compte, c\u2019est que vous vous souveniez d\u2019eux pour obtenir l\u2019image compl\u00e8te et le joyau des le\u00e7ons, puis que vous les laissiez partir.<\/p>\n<p style=\"text-align: center;\">Verser des larmes d\u2019\u00e9meraude de gu\u00e9rison et de pardon aussi longtemps que vous en avez besoin, mais ne laissez pas ces souvenirs vous immobiliser trop longtemps dans de faibles vibrations. Ce n\u2019est pas ce que vous aviez l\u2019intention de faire quand vous avez d\u00e9cid\u00e9 de passer par ces sc\u00e9narios avec les membres bien-aim\u00e9s de votre famille d\u2019\u00e2me.<\/p>\n<p style=\"text-align: center;\">Vous avez cette tendance \u00e0 r\u00e9fl\u00e9chir sur vos probl\u00e8mes ou traumatismes per\u00e7us dans la fausse croyance que plus vous les \u00e9tudiez et les reviviez, plus vous approfondissez les raisons de l\u2019exp\u00e9rience entreprise, et que, par cons\u00e9quent, il serait plus facile de les \u00e9viter dans l\u2019avenir. Mais la v\u00e9rit\u00e9 est que vous avez besoin de les voir comme des \u00e9v\u00e9nements et des r\u00f4les exp\u00e9rientiels planifi\u00e9s et des mod\u00e8les que vous avez d\u00e9cid\u00e9 d\u2019entreprendre pour l\u2019expansion de votre \u00e2me et la croissance.<\/p>\n<p style=\"text-align: center;\">Vous ne voulez pas qu\u2019elles se r\u00e9p\u00e8tent et les ressentir, dans la vie r\u00e9elle ou dans un \u00e9tat de r\u00eave. Donc, tout ce que vous avez \u00e0 faire, c\u2019est de les laisser partir et de passer \u00e0 autre chose. Ils ont le m\u00eame poids et la m\u00eame importance que vos exp\u00e9riences de l\u2019autre c\u00f4t\u00e9 du spectre \u2013 les positives, les l\u00e9g\u00e8res et les bonnes. Tous deux avaient le pouvoir extr\u00eame de vous enseigner la vie dans la dualit\u00e9, l\u2019\u00e9quilibre et la mod\u00e9ration qui sont n\u00e9cessaires pour une expansion douce et r\u00e9guli\u00e8re de toutes les parties de votre soi merveilleux.<\/p>\n<p style=\"text-align: center;\">Laissez le vert \u00e9meraude enlever et dissoudre toute sensation ou souffrance douloureuse. Faites appel \u00e0 lui et donnez-lui quelques minutes chaque jour pour vous ramener dans un \u00e9tat vibratoire \u00e9lev\u00e9 qui vous aidera \u00e0 rester centr\u00e9 et en \u00e9quilibre, un meneur stable et pilier de lumi\u00e8re, un enseignant et un gu\u00e9risseur de tous.<\/p>\n<p style=\"text-align: center;\">Je vous remercie pour votre service. Je vous f\u00e9licite pour votre courage et votre pr\u00e9sence stable sur la plan\u00e8te Terre en ces temps de chaos et de transformation. Restez dans l\u2019amour et la paix ! Au revoir !<\/p>\n<p style=\"text-align: center;\">Traduit par Diane L. pour\u00a0<a href=\"https:\/\/messagescelestes.ca\/\">https:\/\/messagescelestes.ca<\/a><\/p>\n<p style=\"text-align: center;\"><strong>Partag\u00e9 par :\u00a0<a href=\"https:\/\/messagescelestes.ca\/\">https:\/\/messagescelestes.ca<\/a>\u00a0\u2013 Messages C\u00e9lestes<\/strong><\/p>\n<div class=\"fcbkbttn_buttons_block\" id=\"fcbkbttn_left\"><div class=\"fcbkbttn_like \"><fb:like href=\"https:\/\/la-flamme-verte.fr\/index.php\/2018\/11\/11\/respirez-le-rayon-vert-emeraude-damour-et-de-puissance\/\" action=\"like\" colorscheme=\"light\" layout=\"standard\"  width=\"225px\" size=\"small\"><\/fb:like><\/div><div class=\"fb-share-button  \" data-href=\"https:\/\/la-flamme-verte.fr\/index.php\/2018\/11\/11\/respirez-le-rayon-vert-emeraude-damour-et-de-puissance\/\" data-type=\"button_count\" data-size=\"small\"><\/div><\/div>","protected":false},"excerpt":{"rendered":"<p>https:\/\/messagescelestes.ca\/respirez-le-rayon-vert-emeraude-damour-et-de-puissance\/?utm_source=feedburner&amp;utm_medium=email&amp;utm_campaign=Feed%3A+MessagesTerreNouvelle+%28Messages+C%C3%A9lestes%29 &nbsp; Salutations, mes tr\u00e8s chers ! JE SUIS Rapha\u00ebl, JE SUIS Archange d\u2019Amour et de Lumi\u00e8re, JE SUIS Gu\u00e9risseur de l\u2019Univers \u2013 toujours sur appel, au service de la M\u00e8re et pour vous tous. Je viens aujourd\u2019hui pour vous apporter le rayon vert \u00e9meraude d\u2019amour et de puissance. Je viens vous demander de le [&hellip;]<\/p>\n","protected":false},"author":1,"featured_media":0,"comment_status":"open","ping_status":"open","sticky":false,"template":"","format":"video","meta":{"footnotes":""},"categories":[8],"tags":[149,57,108,265,31,264,32],"class_list":["post-555","post","type-post","status-publish","format-video","hentry","category-articles","tag-damour","tag-emeraude","tag-lumiere","tag-puissance","tag-rayon","tag-respirez","tag-vert","post_format-post-format-video"],"_links":{"self":[{"href":"https:\/\/la-flamme-verte.fr\/index.php\/wp-json\/wp\/v2\/posts\/555"}],"collection":[{"href":"https:\/\/la-flamme-verte.fr\/index.php\/wp-json\/wp\/v2\/posts"}],"about":[{"href":"https:\/\/la-flamme-verte.fr\/index.php\/wp-json\/wp\/v2\/types\/post"}],"author":[{"embeddable":true,"href":"https:\/\/la-flamme-verte.fr\/index.php\/wp-json\/wp\/v2\/users\/1"}],"replies":[{"embeddable":true,"href":"https:\/\/la-flamme-verte.fr\/index.php\/wp-json\/wp\/v2\/comments?post=555"}],"version-history":[{"count":1,"href":"https:\/\/la-flamme-verte.fr\/index.php\/wp-json\/wp\/v2\/posts\/555\/revisions"}],"predecessor-version":[{"id":557,"href":"https:\/\/la-flamme-verte.fr\/index.php\/wp-json\/wp\/v2\/posts\/555\/revisions\/557"}],"wp:attachment":[{"href":"https:\/\/la-flamme-verte.fr\/index.php\/wp-json\/wp\/v2\/media?parent=555"}],"wp:term":[{"taxonomy":"category","embeddable":true,"href":"https:\/\/la-flamme-verte.fr\/index.php\/wp-json\/wp\/v2\/categories?post=555"},{"taxonomy":"post_tag","embeddable":true,"href":"https:\/\/la-flamme-verte.fr\/index.php\/wp-json\/wp\/v2\/tags?post=555"}],"curies":[{"name":"wp","href":"https:\/\/api.w.org\/{rel}","templated":true}]}}