{"id":374,"date":"2017-10-25T18:53:55","date_gmt":"2017-10-25T18:53:55","guid":{"rendered":"http:\/\/la-flamme-verte.fr\/?p=374"},"modified":"2017-10-25T18:53:55","modified_gmt":"2017-10-25T18:53:55","slug":"message-de-mon-ange-gardien-feminin-et-masculin-aimer-et-etre-aime","status":"publish","type":"post","link":"https:\/\/la-flamme-verte.fr\/index.php\/2017\/10\/25\/message-de-mon-ange-gardien-feminin-et-masculin-aimer-et-etre-aime\/","title":{"rendered":"Message de mon ange gardien : \u00ab f\u00e9minin et masculin : Aimer et \u00eatre Aim\u00e9 \u00bb !"},"content":{"rendered":"<p style=\"text-align: center;\"><a href=\"http:\/\/la-flamme-verte.fr\/wp-content\/uploads\/2017\/10\/Message-de-mon-ange-gardien-\u00ab-fe\u0301minin-et-masculin-Aimer-et-e\u0302tre-Aime\u0301-\u00bb-.jpeg\"><img loading=\"lazy\" decoding=\"async\" class=\"alignnone size-full wp-image-375\" src=\"http:\/\/la-flamme-verte.fr\/wp-content\/uploads\/2017\/10\/Message-de-mon-ange-gardien-\u00ab-fe\u0301minin-et-masculin-Aimer-et-e\u0302tre-Aime\u0301-\u00bb-.jpeg\" alt=\"\" width=\"188\" height=\"268\" srcset=\"https:\/\/la-flamme-verte.fr\/wp-content\/uploads\/2017\/10\/Message-de-mon-ange-gardien-\u00ab-fe\u0301minin-et-masculin-Aimer-et-e\u0302tre-Aime\u0301-\u00bb-.jpeg 188w, https:\/\/la-flamme-verte.fr\/wp-content\/uploads\/2017\/10\/Message-de-mon-ange-gardien-\u00ab-fe\u0301minin-et-masculin-Aimer-et-e\u0302tre-Aime\u0301-\u00bb--105x150.jpeg 105w\" sizes=\"(max-width: 188px) 100vw, 188px\" \/><\/a><\/p>\n<p style=\"text-align: center;\"><a href=\"https:\/\/www.langeheureux.com\/single-post\/2017\/10\/18\/Message-de-mon-ange-gardien-%C2%AB-f%C3%A9minin-et-masculin-Aimer-et-%C3%AAtre-Aim%C3%A9-%C2%BB\">https:\/\/www.langeheureux.com\/single-post\/2017\/10\/18\/Message-de-mon-ange-gardien-%C2%AB-f%C3%A9minin-et-masculin-Aimer-et-%C3%AAtre-Aim%C3%A9-%C2%BB<\/a><\/p>\n<div class=\"fcbkbttn_buttons_block\" id=\"fcbkbttn_left\"><div class=\"fcbkbttn_like \"><fb:like href=\"https:\/\/la-flamme-verte.fr\/index.php\/2017\/10\/25\/message-de-mon-ange-gardien-feminin-et-masculin-aimer-et-etre-aime\/\" action=\"like\" colorscheme=\"light\" layout=\"standard\"  width=\"225px\" size=\"small\"><\/fb:like><\/div><div class=\"fb-share-button  \" data-href=\"https:\/\/la-flamme-verte.fr\/index.php\/2017\/10\/25\/message-de-mon-ange-gardien-feminin-et-masculin-aimer-et-etre-aime\/\" data-type=\"button_count\" data-size=\"small\"><\/div><\/div>","protected":false},"excerpt":{"rendered":"<p>https:\/\/www.langeheureux.com\/single-post\/2017\/10\/18\/Message-de-mon-ange-gardien-%C2%AB-f%C3%A9minin-et-masculin-Aimer-et-%C3%AAtre-Aim%C3%A9-%C2%BB<\/p>\n","protected":false},"author":1,"featured_media":0,"comment_status":"open","ping_status":"open","sticky":false,"template":"","format":"video","meta":{"footnotes":""},"categories":[8],"tags":[164,162,165,83,163,99],"class_list":["post-374","post","type-post","status-publish","format-video","hentry","category-articles","tag-aimer","tag-ange-gardien","tag-etre-aime","tag-feminin","tag-masculin","tag-message","post_format-post-format-video"],"_links":{"self":[{"href":"https:\/\/la-flamme-verte.fr\/index.php\/wp-json\/wp\/v2\/posts\/374"}],"collection":[{"href":"https:\/\/la-flamme-verte.fr\/index.php\/wp-json\/wp\/v2\/posts"}],"about":[{"href":"https:\/\/la-flamme-verte.fr\/index.php\/wp-json\/wp\/v2\/types\/post"}],"author":[{"embeddable":true,"href":"https:\/\/la-flamme-verte.fr\/index.php\/wp-json\/wp\/v2\/users\/1"}],"replies":[{"embeddable":true,"href":"https:\/\/la-flamme-verte.fr\/index.php\/wp-json\/wp\/v2\/comments?post=374"}],"version-history":[{"count":1,"href":"https:\/\/la-flamme-verte.fr\/index.php\/wp-json\/wp\/v2\/posts\/374\/revisions"}],"predecessor-version":[{"id":376,"href":"https:\/\/la-flamme-verte.fr\/index.php\/wp-json\/wp\/v2\/posts\/374\/revisions\/376"}],"wp:attachment":[{"href":"https:\/\/la-flamme-verte.fr\/index.php\/wp-json\/wp\/v2\/media?parent=374"}],"wp:term":[{"taxonomy":"category","embeddable":true,"href":"https:\/\/la-flamme-verte.fr\/index.php\/wp-json\/wp\/v2\/categories?post=374"},{"taxonomy":"post_tag","embeddable":true,"href":"https:\/\/la-flamme-verte.fr\/index.php\/wp-json\/wp\/v2\/tags?post=374"}],"curies":[{"name":"wp","href":"https:\/\/api.w.org\/{rel}","templated":true}]}}