{"id":326,"date":"2017-01-18T21:34:58","date_gmt":"2017-01-18T21:34:58","guid":{"rendered":"http:\/\/la-flamme-verte.fr\/?p=326"},"modified":"2017-01-18T21:34:58","modified_gmt":"2017-01-18T21:34:58","slug":"meditation-guidee-guerison-multidimensionnelle-archange-raphael-stephanie-renaud","status":"publish","type":"post","link":"https:\/\/la-flamme-verte.fr\/index.php\/2017\/01\/18\/meditation-guidee-guerison-multidimensionnelle-archange-raphael-stephanie-renaud\/","title":{"rendered":"M\u00e9ditation Guid\u00e9e : GUERISON MULTIDIMENSIONNELLE :ARCHANGE RAPHA\u00cbL ! St\u00e9phanie renaud"},"content":{"rendered":"<p style=\"text-align: center;\"><a href=\"http:\/\/la-flamme-verte.fr\/wp-content\/uploads\/2017\/01\/GUERISON-MULTIDIMENSIONNELLEARCHANGE-RAPHAE\u0308LMe\u0301ditation-Guide\u0301eSoin-VibratoireSte\u0301phanie-renaud-Coach-de-Vie-Intuitive-.jpeg\"><img loading=\"lazy\" decoding=\"async\" class=\"alignnone size-medium wp-image-327\" src=\"http:\/\/la-flamme-verte.fr\/wp-content\/uploads\/2017\/01\/GUERISON-MULTIDIMENSIONNELLEARCHANGE-RAPHAE\u0308LMe\u0301ditation-Guide\u0301eSoin-VibratoireSte\u0301phanie-renaud-Coach-de-Vie-Intuitive--300x168.jpeg\" alt=\"\" width=\"300\" height=\"168\" srcset=\"https:\/\/la-flamme-verte.fr\/wp-content\/uploads\/2017\/01\/GUERISON-MULTIDIMENSIONNELLEARCHANGE-RAPHAE\u0308LMe\u0301ditation-Guide\u0301eSoin-VibratoireSte\u0301phanie-renaud-Coach-de-Vie-Intuitive-.jpeg 300w, https:\/\/la-flamme-verte.fr\/wp-content\/uploads\/2017\/01\/GUERISON-MULTIDIMENSIONNELLEARCHANGE-RAPHAE\u0308LMe\u0301ditation-Guide\u0301eSoin-VibratoireSte\u0301phanie-renaud-Coach-de-Vie-Intuitive--250x140.jpeg 250w, https:\/\/la-flamme-verte.fr\/wp-content\/uploads\/2017\/01\/GUERISON-MULTIDIMENSIONNELLEARCHANGE-RAPHAE\u0308LMe\u0301ditation-Guide\u0301eSoin-VibratoireSte\u0301phanie-renaud-Coach-de-Vie-Intuitive--150x84.jpeg 150w\" sizes=\"(max-width: 300px) 100vw, 300px\" \/><\/a><\/p>\n<p><iframe loading=\"lazy\" width=\"900\" height=\"506\" src=\"https:\/\/www.youtube.com\/embed\/BCCpklnDuBY?feature=oembed\" frameborder=\"0\" allowfullscreen><\/iframe><\/p>\n<div class=\"fcbkbttn_buttons_block\" id=\"fcbkbttn_left\"><div class=\"fcbkbttn_like \"><fb:like href=\"https:\/\/la-flamme-verte.fr\/index.php\/2017\/01\/18\/meditation-guidee-guerison-multidimensionnelle-archange-raphael-stephanie-renaud\/\" action=\"like\" colorscheme=\"light\" layout=\"standard\"  width=\"225px\" size=\"small\"><\/fb:like><\/div><div class=\"fb-share-button  \" data-href=\"https:\/\/la-flamme-verte.fr\/index.php\/2017\/01\/18\/meditation-guidee-guerison-multidimensionnelle-archange-raphael-stephanie-renaud\/\" data-type=\"button_count\" data-size=\"small\"><\/div><\/div>","protected":false},"excerpt":{"rendered":"","protected":false},"author":1,"featured_media":327,"comment_status":"open","ping_status":"open","sticky":false,"template":"","format":"video","meta":{"footnotes":""},"categories":[6],"tags":[4,13,134,7,135,136],"class_list":["post-326","post","type-post","status-publish","format-video","has-post-thumbnail","hentry","category-meditations","tag-archange-raphael","tag-guerison","tag-guidee","tag-meditation","tag-multidimensionnelle","tag-stephanie-renaud","post_format-post-format-video"],"_links":{"self":[{"href":"https:\/\/la-flamme-verte.fr\/index.php\/wp-json\/wp\/v2\/posts\/326"}],"collection":[{"href":"https:\/\/la-flamme-verte.fr\/index.php\/wp-json\/wp\/v2\/posts"}],"about":[{"href":"https:\/\/la-flamme-verte.fr\/index.php\/wp-json\/wp\/v2\/types\/post"}],"author":[{"embeddable":true,"href":"https:\/\/la-flamme-verte.fr\/index.php\/wp-json\/wp\/v2\/users\/1"}],"replies":[{"embeddable":true,"href":"https:\/\/la-flamme-verte.fr\/index.php\/wp-json\/wp\/v2\/comments?post=326"}],"version-history":[{"count":1,"href":"https:\/\/la-flamme-verte.fr\/index.php\/wp-json\/wp\/v2\/posts\/326\/revisions"}],"predecessor-version":[{"id":328,"href":"https:\/\/la-flamme-verte.fr\/index.php\/wp-json\/wp\/v2\/posts\/326\/revisions\/328"}],"wp:featuredmedia":[{"embeddable":true,"href":"https:\/\/la-flamme-verte.fr\/index.php\/wp-json\/wp\/v2\/media\/327"}],"wp:attachment":[{"href":"https:\/\/la-flamme-verte.fr\/index.php\/wp-json\/wp\/v2\/media?parent=326"}],"wp:term":[{"taxonomy":"category","embeddable":true,"href":"https:\/\/la-flamme-verte.fr\/index.php\/wp-json\/wp\/v2\/categories?post=326"},{"taxonomy":"post_tag","embeddable":true,"href":"https:\/\/la-flamme-verte.fr\/index.php\/wp-json\/wp\/v2\/tags?post=326"}],"curies":[{"name":"wp","href":"https:\/\/api.w.org\/{rel}","templated":true}]}}