{"id":732,"date":"2019-11-14T16:00:55","date_gmt":"2019-11-14T16:00:55","guid":{"rendered":"http:\/\/la-flamme-verte.fr\/?p=732"},"modified":"2019-11-14T16:00:55","modified_gmt":"2019-11-14T16:00:55","slug":"hilarion-mise-a-jour-novembre-2019","status":"publish","type":"post","link":"http:\/\/la-flamme-verte.fr\/index.php\/2019\/11\/14\/hilarion-mise-a-jour-novembre-2019\/","title":{"rendered":"Hilarion : Mise \u00e0 jour \u2013 Novembre 2019 !"},"content":{"rendered":"\n<figure class=\"wp-block-video\"><\/figure>\n\n\n\n<figure class=\"wp-block-image\"><img loading=\"lazy\" decoding=\"async\" width=\"696\" height=\"415\" src=\"http:\/\/la-flamme-verte.fr\/wp-content\/uploads\/2019\/11\/hilarion-3-696x415-2.jpg\" alt=\"\" class=\"wp-image-733\" srcset=\"http:\/\/la-flamme-verte.fr\/wp-content\/uploads\/2019\/11\/hilarion-3-696x415-2.jpg 696w, http:\/\/la-flamme-verte.fr\/wp-content\/uploads\/2019\/11\/hilarion-3-696x415-2-300x179.jpg 300w, http:\/\/la-flamme-verte.fr\/wp-content\/uploads\/2019\/11\/hilarion-3-696x415-2-150x89.jpg 150w, http:\/\/la-flamme-verte.fr\/wp-content\/uploads\/2019\/11\/hilarion-3-696x415-2-250x150.jpg 250w\" sizes=\"(max-width: 696px) 100vw, 696px\" \/><\/figure>\n\n\n\n<h4 class=\"has-text-align-center wp-block-heading\"><a href=\"https:\/\/messagescelestes.ca\/hilarion-mise-a-jour-novembre-2019\/\">https:\/\/messagescelestes.ca\/hilarion-mise-a-jour-novembre-2019\/<\/a><\/h4>\n\n\n\n<p>Bien-Aim\u00e9s,<\/p>\n\n\n\n<p>Je viens sur les ailes de l\u2019amour ! Dans le continuum des r\u00e9alit\u00e9s multidimensionnelles, il y a un effort concert\u00e9 sur lequel on se concentre pendant les temps actuels sur la Terre. Tout se d\u00e9roule en coop\u00e9ration et en harmonie avec le Un, la Source Premi\u00e8re, le Cr\u00e9ateur Premier. Un moyen a \u00e9t\u00e9 trouv\u00e9 pour acc\u00e9l\u00e9rer le processus d\u2019ascension de la Terre et de tous ses habitants, et cela est c\u00e9l\u00e9br\u00e9 dans l\u2019attente prometteuse du meilleur r\u00e9sultat qui puisse \u00eatre atteint. Tout au long de la Cr\u00e9ation, des \u00catres de Lumi\u00e8re se rassemblent pour envoyer une Lumi\u00e8re Infinie \u00e0 la Plan\u00e8te Terre. Les Tisseurs de R\u00eaves de la Lyre se rassemblent pour aider \u00e0 cr\u00e9er la version agrandie et am\u00e9lior\u00e9e de la plan\u00e8te Terre comme elle existe d\u00e9j\u00e0 dans le continuum. Ils chantent, syntonisent, scandent, jouent des instruments, dansent et visualisent un monde qui est un joyau brillant dans le ciel \u2013 la nouvelle r\u00e9alit\u00e9 de la Terre.<\/p>\n\n\n\n<p>Dans chaque galaxie, il y a une repr\u00e9sentation des Conseils de Lumi\u00e8re se rassemblant dans l\u2019unit\u00e9 pour r\u00e9aliser ce qui semblait impossible il y a seulement quelques ann\u00e9es humaines \u00e0 peine. Et pourtant, ce miracle se d\u00e9roule \u00e0 une vitesse presque \u00e9poustouflante ! Ce que cela signifie pour l\u2019humanit\u00e9 en ces temps, c\u2019est une nouvelle exp\u00e9rience d\u2019une intensit\u00e9 accrue dans le nettoyage des quatre corps inf\u00e9rieurs \u2013 physique, mental, \u00e9motionnel et spirituel\/\u00e9thique. Ces nettoyages rappellent les temps et les \u00e9v\u00e9nements qui se sont produits dans le pass\u00e9 et le pr\u00e9sent, ce qui en retour affecte l\u2019avenir. C\u2019est ici que ceux d\u2019entre vous qui sont venus sur Terre en provenance du futur sont incit\u00e9s intuitivement \u00e0 faire certaines choses \u00e0 certains moments afin qu\u2019un certain th\u00e8me qui se d\u00e9gage de la conscience collective soit dissous et \u00e9clairci pour faire place \u00e0 une perspective sup\u00e9rieure et ainsi, un bien plus grand se r\u00e9alise pour Tout.<\/p>\n\n\n\n<p>La voie \u00e0 suivre est ouverte un \u00e9v\u00e9nement \u00e0 la fois pour permettre \u00e0 une int\u00e9gration de prendre effet avant que le suivant soit en vue. L\u2019alignement quotidien avec son Soi Divin est d\u2019une importance primordiale et nous ne le soulignerons jamais assez. Un commandement tel que&nbsp;<em>&nbsp;\u00bb J\u2019engage avec mon Mod\u00e8le Divin la pens\u00e9e que je suis une conscience et une Lumi\u00e8re int\u00e9gr\u00e9es qui coule en alignement avec la Volont\u00e9 Divine. Qu\u2019il en soit ainsi !&nbsp;\u00bb<\/em>&nbsp;Lorsque vous engagez votre Mod\u00e8le Divin (votre Soi Divin originel), vous amplifiez votre \u00e9nergie et votre fr\u00e9quence et cela se d\u00e9veloppe sur une utilisation persistante. Cette m\u00e9thode peut \u00eatre utilis\u00e9e de plusieurs fa\u00e7ons, m\u00eame pour la gu\u00e9rison et le nettoyage de la Terre, en envoyant la Lumi\u00e8re \u00e0 toute situation o\u00f9 elle est n\u00e9cessaire. Il faut souligner que l\u2019on utilise le pouvoir de commandement de son Cr\u00e9ateur avec les mots \u00ab&nbsp;qu\u2019il en soit ainsi&nbsp;\u00bb, de sorte qu\u2019il incombe \u00e0 une personne d\u2019avoir la clart\u00e9 dans son intention pour le r\u00e9sultat qu\u2019elle d\u00e9sire cr\u00e9er avant de l\u2019utiliser de fa\u00e7on responsable.<\/p>\n\n\n\n<p>Cela \u00e9tant dit \u2013 ceux qui ont atteint et gagn\u00e9 ce stade avanc\u00e9 du processus de l\u2019Ascension entrent maintenant dans le programme de formation du Cr\u00e9ateur. Ce sont vos guides personnels et vos Conseils Plan\u00e9taires de Lumi\u00e8re qui dirigeront votre attention vers les domaines sur lesquels vous devez vous concentrer. Ce sera diff\u00e9rent pour chaque personne, cependant, il y aura chevauchement avec d\u2019autres qui ont une mission similaire sur Terre. Vous vous trouverez \u00e0 la recherche ou attir\u00e9s par certaines personnes avec lesquelles vous r\u00e9sonnez et vous vous joindrez \u00e0 elles dans l\u2019unit\u00e9, l\u2019harmonie et le sens de la communaut\u00e9 alors que le groupe se concentre sur les domaines qui vous int\u00e9ressent. Vos guides personnels pr\u00e9parent et d\u00e9gagent la voie pour que votre plus haute destin\u00e9e et potentiel se manifestent. C\u2019est votre t\u00e2che de devenir observateur des \u00e9v\u00e9nements qui se produisent dans votre vie et dans le grand monde autour de vous.<\/p>\n\n\n\n<p>Vos facult\u00e9s intuitives sup\u00e9rieures deviennent beaucoup plus sensibles et ouvertes et vos six sens physiques deviennent plus aigus dans ce qui est per\u00e7u. Certains d\u2019entre vous percevront que d\u2019autres communiquent avec vous par des moyens t\u00e9l\u00e9pathiques afin que vous ayez une conversation \u00e0 double sens avec eux. Certains entendront d\u2019autres leur parler avec clairaudience. Certains d\u2019entre vous verront leur odorat devenir tr\u00e8s sensible \u00e0 quelque chose ou \u00e0 quelqu\u2019un qui se trouve \u00e0 des milliers de kilom\u00e8tres de chez eux. Vous serez capable de reconna\u00eetre les signatures \u00e9nerg\u00e9tiques de l\u2019\u00e2me, non seulement celles des royaumes sup\u00e9rieurs, mais aussi celles des personnes qui vous entourent ou qui sont reli\u00e9es \u00e0 vous d\u2019une mani\u00e8re ou d\u2019une autre. Vous serez en mesure de discerner ce qu\u2019ils pensent\u2026 toutes ces capacit\u00e9s qui arrivent en direct (pour ainsi dire) doivent \u00eatre int\u00e9gr\u00e9es et harmonis\u00e9es pour qu\u2019elles soient utilis\u00e9es d\u2019une mani\u00e8re harmonieuse et appropri\u00e9e.<\/p>\n\n\n\n<p>Jusqu\u2019au mois prochain\u2026.<\/p>\n\n\n\n<p>JE SUIS Hilarion<\/p>\n\n\n\n<p><strong>Traduit et partag\u00e9 par Messages C\u00e9lestes :&nbsp;<a href=\"https:\/\/messagescelestes.ca\/\">https:\/\/messagescelestes.ca<\/a><\/strong><\/p>\n<div class=\"fcbkbttn_buttons_block\" id=\"fcbkbttn_left\"><div class=\"fcbkbttn_like \"><fb:like href=\"http:\/\/la-flamme-verte.fr\/index.php\/2019\/11\/14\/hilarion-mise-a-jour-novembre-2019\/\" action=\"like\" colorscheme=\"light\" layout=\"standard\"  width=\"225px\" size=\"small\"><\/fb:like><\/div><div class=\"fb-share-button  \" data-href=\"http:\/\/la-flamme-verte.fr\/index.php\/2019\/11\/14\/hilarion-mise-a-jour-novembre-2019\/\" data-type=\"button_count\" data-size=\"small\"><\/div><\/div>","protected":false},"excerpt":{"rendered":"<p>https:\/\/messagescelestes.ca\/hilarion-mise-a-jour-novembre-2019\/ Bien-Aim\u00e9s, Je viens sur les ailes de l\u2019amour ! Dans le continuum des r\u00e9alit\u00e9s multidimensionnelles, il y a un effort concert\u00e9 sur lequel on se concentre pendant les temps actuels sur la Terre. Tout se d\u00e9roule en coop\u00e9ration et en harmonie avec le Un, la Source Premi\u00e8re, le Cr\u00e9ateur Premier. Un moyen a \u00e9t\u00e9 [&hellip;]<\/p>\n","protected":false},"author":1,"featured_media":0,"comment_status":"open","ping_status":"open","sticky":false,"template":"","format":"video","meta":{"footnotes":""},"categories":[1],"tags":[],"class_list":["post-732","post","type-post","status-publish","format-video","hentry","category-uncategorized","post_format-post-format-video"],"_links":{"self":[{"href":"http:\/\/la-flamme-verte.fr\/index.php\/wp-json\/wp\/v2\/posts\/732"}],"collection":[{"href":"http:\/\/la-flamme-verte.fr\/index.php\/wp-json\/wp\/v2\/posts"}],"about":[{"href":"http:\/\/la-flamme-verte.fr\/index.php\/wp-json\/wp\/v2\/types\/post"}],"author":[{"embeddable":true,"href":"http:\/\/la-flamme-verte.fr\/index.php\/wp-json\/wp\/v2\/users\/1"}],"replies":[{"embeddable":true,"href":"http:\/\/la-flamme-verte.fr\/index.php\/wp-json\/wp\/v2\/comments?post=732"}],"version-history":[{"count":3,"href":"http:\/\/la-flamme-verte.fr\/index.php\/wp-json\/wp\/v2\/posts\/732\/revisions"}],"predecessor-version":[{"id":740,"href":"http:\/\/la-flamme-verte.fr\/index.php\/wp-json\/wp\/v2\/posts\/732\/revisions\/740"}],"wp:attachment":[{"href":"http:\/\/la-flamme-verte.fr\/index.php\/wp-json\/wp\/v2\/media?parent=732"}],"wp:term":[{"taxonomy":"category","embeddable":true,"href":"http:\/\/la-flamme-verte.fr\/index.php\/wp-json\/wp\/v2\/categories?post=732"},{"taxonomy":"post_tag","embeddable":true,"href":"http:\/\/la-flamme-verte.fr\/index.php\/wp-json\/wp\/v2\/tags?post=732"}],"curies":[{"name":"wp","href":"https:\/\/api.w.org\/{rel}","templated":true}]}}