{"id":718,"date":"2019-10-30T19:10:24","date_gmt":"2019-10-30T19:10:24","guid":{"rendered":"http:\/\/la-flamme-verte.fr\/?p=718"},"modified":"2019-10-30T19:10:24","modified_gmt":"2019-10-30T19:10:24","slug":"priere-a-larchange-saint-raphael-grand-protecteur","status":"publish","type":"post","link":"http:\/\/la-flamme-verte.fr\/index.php\/2019\/10\/30\/priere-a-larchange-saint-raphael-grand-protecteur\/","title":{"rendered":"Pri\u00e8re \u00e0 l&rsquo;Archange Saint Rapha\u00ebl grand protecteur !"},"content":{"rendered":"\n<figure class=\"wp-block-video\"><\/figure>\n\n\n\n<div class=\"wp-block-image\"><figure class=\"aligncenter\"><img loading=\"lazy\" decoding=\"async\" width=\"480\" height=\"360\" src=\"http:\/\/la-flamme-verte.fr\/wp-content\/uploads\/2019\/10\/hqdefault-2019-10-15T192827.751.jpg\" alt=\"\" class=\"wp-image-719\" srcset=\"http:\/\/la-flamme-verte.fr\/wp-content\/uploads\/2019\/10\/hqdefault-2019-10-15T192827.751.jpg 480w, http:\/\/la-flamme-verte.fr\/wp-content\/uploads\/2019\/10\/hqdefault-2019-10-15T192827.751-300x225.jpg 300w, http:\/\/la-flamme-verte.fr\/wp-content\/uploads\/2019\/10\/hqdefault-2019-10-15T192827.751-150x113.jpg 150w\" sizes=\"(max-width: 480px) 100vw, 480px\" \/><\/figure><\/div>\n\n\n\n<figure class=\"wp-block-embed-youtube wp-block-embed is-type-video is-provider-youtube wp-embed-aspect-4-3 wp-has-aspect-ratio\"><div class=\"wp-block-embed__wrapper\">\n<iframe loading=\"lazy\" title=\"Pri\u00e8re \u00e0 l&#039;Archange Saint Rapha\u00ebl grand protecteur\" width=\"900\" height=\"675\" src=\"https:\/\/www.youtube.com\/embed\/pM4uh85vU64?feature=oembed\" frameborder=\"0\" allow=\"accelerometer; autoplay; encrypted-media; gyroscope; picture-in-picture\" allowfullscreen><\/iframe>\n<\/div><\/figure>\n<div class=\"fcbkbttn_buttons_block\" id=\"fcbkbttn_left\"><div class=\"fcbkbttn_like \"><fb:like href=\"http:\/\/la-flamme-verte.fr\/index.php\/2019\/10\/30\/priere-a-larchange-saint-raphael-grand-protecteur\/\" action=\"like\" colorscheme=\"light\" layout=\"standard\"  width=\"225px\" size=\"small\"><\/fb:like><\/div><div class=\"fb-share-button  \" data-href=\"http:\/\/la-flamme-verte.fr\/index.php\/2019\/10\/30\/priere-a-larchange-saint-raphael-grand-protecteur\/\" data-type=\"button_count\" data-size=\"small\"><\/div><\/div>","protected":false},"excerpt":{"rendered":"","protected":false},"author":1,"featured_media":0,"comment_status":"open","ping_status":"open","sticky":false,"template":"","format":"video","meta":{"footnotes":""},"categories":[19],"tags":[],"class_list":["post-718","post","type-post","status-publish","format-video","hentry","category-prieres","post_format-post-format-video"],"_links":{"self":[{"href":"http:\/\/la-flamme-verte.fr\/index.php\/wp-json\/wp\/v2\/posts\/718"}],"collection":[{"href":"http:\/\/la-flamme-verte.fr\/index.php\/wp-json\/wp\/v2\/posts"}],"about":[{"href":"http:\/\/la-flamme-verte.fr\/index.php\/wp-json\/wp\/v2\/types\/post"}],"author":[{"embeddable":true,"href":"http:\/\/la-flamme-verte.fr\/index.php\/wp-json\/wp\/v2\/users\/1"}],"replies":[{"embeddable":true,"href":"http:\/\/la-flamme-verte.fr\/index.php\/wp-json\/wp\/v2\/comments?post=718"}],"version-history":[{"count":1,"href":"http:\/\/la-flamme-verte.fr\/index.php\/wp-json\/wp\/v2\/posts\/718\/revisions"}],"predecessor-version":[{"id":720,"href":"http:\/\/la-flamme-verte.fr\/index.php\/wp-json\/wp\/v2\/posts\/718\/revisions\/720"}],"wp:attachment":[{"href":"http:\/\/la-flamme-verte.fr\/index.php\/wp-json\/wp\/v2\/media?parent=718"}],"wp:term":[{"taxonomy":"category","embeddable":true,"href":"http:\/\/la-flamme-verte.fr\/index.php\/wp-json\/wp\/v2\/categories?post=718"},{"taxonomy":"post_tag","embeddable":true,"href":"http:\/\/la-flamme-verte.fr\/index.php\/wp-json\/wp\/v2\/tags?post=718"}],"curies":[{"name":"wp","href":"https:\/\/api.w.org\/{rel}","templated":true}]}}