{"id":707,"date":"2019-09-07T13:08:45","date_gmt":"2019-09-07T13:08:45","guid":{"rendered":"http:\/\/la-flamme-verte.fr\/?p=707"},"modified":"2019-09-07T13:08:45","modified_gmt":"2019-09-07T13:08:45","slug":"trouvez-le-courage-detre-vous-meme-dans-la-vie-message-de-larchange-raphael","status":"publish","type":"post","link":"http:\/\/la-flamme-verte.fr\/index.php\/2019\/09\/07\/trouvez-le-courage-detre-vous-meme-dans-la-vie-message-de-larchange-raphael\/","title":{"rendered":"Trouvez Le Courage D\u2019\u00eatre Vous-M\u00eame Dans La Vie ! Message de l&rsquo;archange Rapha\u00ebl !"},"content":{"rendered":"\n<figure class=\"wp-block-video\"><\/figure>\n\n\n\n<figure class=\"wp-block-image\"><img loading=\"lazy\" decoding=\"async\" width=\"750\" height=\"430\" src=\"http:\/\/la-flamme-verte.fr\/wp-content\/uploads\/2019\/09\/\u00eatre-vous-m\u00eame-dans-la-vie-750x430.jpg\" alt=\"\" class=\"wp-image-708\" srcset=\"http:\/\/la-flamme-verte.fr\/wp-content\/uploads\/2019\/09\/\u00eatre-vous-m\u00eame-dans-la-vie-750x430.jpg 750w, http:\/\/la-flamme-verte.fr\/wp-content\/uploads\/2019\/09\/\u00eatre-vous-m\u00eame-dans-la-vie-750x430-300x172.jpg 300w, http:\/\/la-flamme-verte.fr\/wp-content\/uploads\/2019\/09\/\u00eatre-vous-m\u00eame-dans-la-vie-750x430-150x86.jpg 150w\" sizes=\"(max-width: 750px) 100vw, 750px\" \/><\/figure>\n\n\n\n<h4 class=\"wp-block-heading\" style=\"text-align:center\"><a href=\"https:\/\/messagescelestes.ca\/trouvez-le-courage-detre-vous-meme-dans-la-vie\/\">https:\/\/messagescelestes.ca\/trouvez-le-courage-detre-vous-meme-dans-la-vie\/<\/a><\/h4>\n\n\n\n<p>\u00catres chers. Bien-aim\u00e9e. \u00catres de lumi\u00e8re et d\u2019amour sur le plan terrestre. Je vous accueille. Je vous souhaite la bienvenue \u00e0 notre connexion. J\u2019ai d\u00e9sir\u00e9 ardemment que vous veniez \u00e0 ce moment dans le temps, quand vous voudriez vous connecter avec moi et que vous seriez ouvert \u00e0 le faire.<\/p>\n\n\n\n<p>Il y a tant de d\u00e9sir que la lumi\u00e8re et l\u2019amour \u00e0 l\u2019int\u00e9rieur de notre royaume coulent dans le v\u00f4tre.<\/p>\n\n\n\n<p>Nous aspirons \u00e0 l\u2019ouverture qui permet \u00e0 l\u2019univers de fournir toute l\u2019\u00e9nergie, toute la lumi\u00e8re, tout le bien-\u00eatre, tout le sentiment de confiance et de capacit\u00e9 en chacun de vous afin que vous puissiez r\u00e9aliser votre concept immacul\u00e9 de qui vous \u00eates, votre sens de soi, votre but, votre destin, pour ainsi dire.<\/p>\n\n\n\n<p>Il y a beaucoup de mots pour ce que nous appelons ceci : l\u2019\u00eatre : l\u2019expression de qui vous \u00eates sur le plan terrestre. Par vos pens\u00e9es, par vos actions, par vos comportements, par les mots que vous utilisez, par les choses que vous cr\u00e9ez et les choses auxquelles vous aspirez. Je vous accueille. Je vous souhaite la bienvenue \u00e0 notre connexion. J\u2019ai d\u00e9sir\u00e9 ardemment que vous veniez \u00e0 ce moment dans le temps, quand vous voudriez vous connecter avec moi et que vous seriez ouvert \u00e0 le faire.<\/p>\n\n\n\n<p>Il y a tant de d\u00e9sir que la lumi\u00e8re et l\u2019amour \u00e0 l\u2019int\u00e9rieur de notre royaume coulent dans le v\u00f4tre.<\/p>\n\n\n\n<p>Nous aspirons \u00e0 l\u2019ouverture qui permet \u00e0 l\u2019univers de fournir toute l\u2019\u00e9nergie, toute la lumi\u00e8re, tout le bien-\u00eatre, tout le sentiment de confiance et de capacit\u00e9 en chacun de vous afin que vous puissiez r\u00e9aliser votre concept immacul\u00e9 de qui vous \u00eates, votre sens de soi, votre but, votre destin, pour ainsi dire.<\/p>\n\n\n\n<p>Il y a beaucoup de mots pour ce que nous appelons : l\u2019\u00eatre : l\u2019expression de qui vous \u00eates sur le plan terrestre. Par vos pens\u00e9es, par vos actions, par vos comportements, par les mots que vous utilisez, par les choses que vous cr\u00e9ez, par les choses que vous cr\u00e9ez et les choses auxquelles vous aspirez. Toutes ces choses d\u00e9finissent ce que vous \u00eates, ce que vous vivez, ce que vous exprimez et ce que vous cr\u00e9ez sur ce plan terrestre.<\/p>\n\n\n\n<p>Le plan de la Terre est en train de subir un \u00e9norme changement et il est temps pour chacun d\u2019entre vous de comprendre qui vous \u00eates. Chacun d\u2019entre vous a un r\u00f4le important et unique dans le monde tel qu\u2019il est et le monde ne sera pas le m\u00eame sans vous.<\/p>\n\n\n\n<p>Vous devez, vous DEVEZ, vous DEVEZ trouver le courage d\u2019\u00eatre vous-m\u00eame dans la vie. L\u00e2cher ce qui ne va pas et n\u2019ayez pas peur de souffrir en le faisant. N\u2019ayez pas peur qu\u2019en faisant cela, quoi que ce soit d\u2019autre se produira que ce que vous gagnerez, que vous vous d\u00e9velopperez et que vous deviendrez plus \u00e9panouis. Plus heureux. Plus facile avec vous-m\u00eame.<\/p>\n\n\n\n<p>Traduit par&nbsp;<a href=\"https:\/\/messagescelestes.ca\/\">Bernard<\/a>&nbsp;pour&nbsp;<a href=\"https:\/\/messagescelestes.ca\/\">https:\/\/messagescelestes.ca<\/a><\/p>\n\n\n\n<p><strong>Partag\u00e9 par :&nbsp;<a href=\"https:\/\/messagescelestes.ca\/\">https:\/\/messagescelestes.ca<\/a>&nbsp;\u2013 Messages C\u00e9lestes<\/strong><\/p>\n<div class=\"fcbkbttn_buttons_block\" id=\"fcbkbttn_left\"><div class=\"fcbkbttn_like \"><fb:like href=\"http:\/\/la-flamme-verte.fr\/index.php\/2019\/09\/07\/trouvez-le-courage-detre-vous-meme-dans-la-vie-message-de-larchange-raphael\/\" action=\"like\" colorscheme=\"light\" layout=\"standard\"  width=\"225px\" size=\"small\"><\/fb:like><\/div><div class=\"fb-share-button  \" data-href=\"http:\/\/la-flamme-verte.fr\/index.php\/2019\/09\/07\/trouvez-le-courage-detre-vous-meme-dans-la-vie-message-de-larchange-raphael\/\" data-type=\"button_count\" data-size=\"small\"><\/div><\/div>","protected":false},"excerpt":{"rendered":"<p>https:\/\/messagescelestes.ca\/trouvez-le-courage-detre-vous-meme-dans-la-vie\/ \u00catres chers. Bien-aim\u00e9e. \u00catres de lumi\u00e8re et d\u2019amour sur le plan terrestre. Je vous accueille. Je vous souhaite la bienvenue \u00e0 notre connexion. J\u2019ai d\u00e9sir\u00e9 ardemment que vous veniez \u00e0 ce moment dans le temps, quand vous voudriez vous connecter avec moi et que vous seriez ouvert \u00e0 le faire. Il y a tant [&hellip;]<\/p>\n","protected":false},"author":1,"featured_media":0,"comment_status":"open","ping_status":"open","sticky":false,"template":"","format":"video","meta":{"footnotes":""},"categories":[1],"tags":[],"class_list":["post-707","post","type-post","status-publish","format-video","hentry","category-uncategorized","post_format-post-format-video"],"_links":{"self":[{"href":"http:\/\/la-flamme-verte.fr\/index.php\/wp-json\/wp\/v2\/posts\/707"}],"collection":[{"href":"http:\/\/la-flamme-verte.fr\/index.php\/wp-json\/wp\/v2\/posts"}],"about":[{"href":"http:\/\/la-flamme-verte.fr\/index.php\/wp-json\/wp\/v2\/types\/post"}],"author":[{"embeddable":true,"href":"http:\/\/la-flamme-verte.fr\/index.php\/wp-json\/wp\/v2\/users\/1"}],"replies":[{"embeddable":true,"href":"http:\/\/la-flamme-verte.fr\/index.php\/wp-json\/wp\/v2\/comments?post=707"}],"version-history":[{"count":2,"href":"http:\/\/la-flamme-verte.fr\/index.php\/wp-json\/wp\/v2\/posts\/707\/revisions"}],"predecessor-version":[{"id":710,"href":"http:\/\/la-flamme-verte.fr\/index.php\/wp-json\/wp\/v2\/posts\/707\/revisions\/710"}],"wp:attachment":[{"href":"http:\/\/la-flamme-verte.fr\/index.php\/wp-json\/wp\/v2\/media?parent=707"}],"wp:term":[{"taxonomy":"category","embeddable":true,"href":"http:\/\/la-flamme-verte.fr\/index.php\/wp-json\/wp\/v2\/categories?post=707"},{"taxonomy":"post_tag","embeddable":true,"href":"http:\/\/la-flamme-verte.fr\/index.php\/wp-json\/wp\/v2\/tags?post=707"}],"curies":[{"name":"wp","href":"https:\/\/api.w.org\/{rel}","templated":true}]}}