{"id":693,"date":"2019-08-17T10:22:19","date_gmt":"2019-08-17T10:22:19","guid":{"rendered":"http:\/\/la-flamme-verte.fr\/?p=693"},"modified":"2019-08-17T10:22:19","modified_gmt":"2019-08-17T10:22:19","slug":"transmuter-lombre-en-soi-en-lumiere-message-du-maitre-hilarion","status":"publish","type":"post","link":"http:\/\/la-flamme-verte.fr\/index.php\/2019\/08\/17\/transmuter-lombre-en-soi-en-lumiere-message-du-maitre-hilarion\/","title":{"rendered":"Transmuter L\u2019ombre En Soi, En Lumi\u00e8re !  Message du Ma\u00eetre Hilarion!"},"content":{"rendered":"\n<figure class=\"wp-block-video\"><\/figure>\n\n\n\n<figure class=\"wp-block-image\"><img loading=\"lazy\" decoding=\"async\" width=\"920\" height=\"527\" src=\"http:\/\/la-flamme-verte.fr\/wp-content\/uploads\/2019\/08\/transmuter-ombre-en-soi-en-lumiere.jpg\" alt=\"\" class=\"wp-image-694\" srcset=\"http:\/\/la-flamme-verte.fr\/wp-content\/uploads\/2019\/08\/transmuter-ombre-en-soi-en-lumiere.jpg 920w, http:\/\/la-flamme-verte.fr\/wp-content\/uploads\/2019\/08\/transmuter-ombre-en-soi-en-lumiere-300x172.jpg 300w, http:\/\/la-flamme-verte.fr\/wp-content\/uploads\/2019\/08\/transmuter-ombre-en-soi-en-lumiere-768x440.jpg 768w, http:\/\/la-flamme-verte.fr\/wp-content\/uploads\/2019\/08\/transmuter-ombre-en-soi-en-lumiere-150x86.jpg 150w\" sizes=\"(max-width: 920px) 100vw, 920px\" \/><\/figure>\n\n\n\n<h4 class=\"wp-block-heading\" style=\"text-align:center\"><a href=\"https:\/\/messagescelestes.ca\/transmuter-lombre-en-soi-en-lumiere\/\">https:\/\/messagescelestes.ca\/transmuter-lombre-en-soi-en-lumiere\/<\/a><\/h4>\n\n\n\n<p>Mes chers enfants de la Terre,<\/p>\n\n\n\n<p>Le jour est venu de vous r\u00e9veiller et de passer \u00e0 l\u2019action !<br>Certains d\u2019entre-vous se sont d\u00e9j\u00e0 r\u00e9veill\u00e9s et ont entam\u00e9 le processus de changement profond en eux.<\/p>\n\n\n\n<p>Mais vous aussi devez maintenant vous prendre en main pour participer activement au changement de paradigme en cours.<\/p>\n\n\n\n<h3 class=\"wp-block-heading\">Changement vibratoire imminent<\/h3>\n\n\n\n<p>Depuis de nombreuses ann\u00e9es nous vous pr\u00e9parons \u00e0 ce changement vibratoire imminent. Bien s\u00fbr beaucoup d\u2019entre-vous d\u00e9clarent : \u00ab&nbsp;<em>depuis le temps qu\u2019ils nous le disent, il ne se passe rien\u2026&nbsp;<\/em>\u00bb !<\/p>\n\n\n\n<p>Et bien d\u00e9trompez-vous, le changement, la transition plan\u00e9taire est bien en route et beaucoup de choses se sont pass\u00e9es, sans que cela n\u2019apparaisse r\u00e9ellement.<br>Maintenant que ce travail en profondeur est fait, vous allez le voir r\u00e9ellement, de vos yeux de chair.<\/p>\n\n\n\n<div class=\"wp-block-image\"><figure class=\"alignleft\"><img decoding=\"async\" src=\"https:\/\/messagescelestes.ca\/wp-content\/uploads\/2019\/08\/changement-vibratoire-300x210.jpg\" alt=\"\" class=\"wp-image-18291\"\/><\/figure><\/div>\n\n\n\n<p>Par contre, ce changement tr\u00e8s important sur le plan vibratoire, ne se fera pas sans effets secondaires, sans effets \u00ab collat\u00e9raux \u00bb comme vous dites\u2026 Et pourquoi cela me dits-vous ?<br>Et bien tout simplement parce que la Terre, votre belle plan\u00e8te, a beaucoup souffert depuis longtemps des actions des humains qui peuplent sa surface. Aussi, elle doit se \u00ab r\u00e9parer \u00bb.<\/p>\n\n\n\n<p>Pour cela, de nombreuses activit\u00e9s naturelles n\u00e9cessaires \u00e0 cette r\u00e9paration, vont avoir lieu, entrainant bouleversements g\u00e9ologiques et cons\u00e9cutivement, d\u00e9parts d\u2019une partie de la population terrestre.<\/p>\n\n\n\n<h3 class=\"wp-block-heading\">D\u00e9parts\u2026<\/h3>\n\n\n\n<p>Pourquoi d\u00e9parts ? Et bien tout simplement parce que \u2013 comme nous vous l\u2019avons d\u00e9j\u00e0 dit \u2013 une partie de la population a d\u00e9j\u00e0 fait le choix en leur \u00e2me de ne pas vivre cette ascension plan\u00e9taire en cours et de repartir sur d\u2019autres plans de conscience, leur correspondant mieux pour l\u2019instant.<\/p>\n\n\n\n<p>L\u2019autre partie de la population, dont vous faites certainement partie, vous qui lisez ces lignes, \u00e0 fait son choix de vivre pleinement l\u2019ascension plan\u00e9taire et le changement vibratoire qui l\u2019accompagne.<\/p>\n\n\n\n<div class=\"wp-block-image\"><figure class=\"alignright\"><img decoding=\"async\" src=\"https:\/\/messagescelestes.ca\/wp-content\/uploads\/2019\/08\/D%C3%A9part-homme-desert-300x200.jpg\" alt=\"\" class=\"wp-image-18292\"\/><\/figure><\/div>\n\n\n\n<p>Certains parmi vous sont conscients de ce qui se passe actuellement et le ressentent dans leur corps physique. D\u2019autres le savent en leur \u00e2me mais n\u2019en ont pas conscience dans leur personnalit\u00e9.<\/p>\n\n\n\n<p>C\u2019est en priorit\u00e9 \u00e0 ces derniers que je viens m\u2019adresser, en leur demandant de s\u2019\u00e9veiller, d\u2019ouvrir leur c\u0153ur \u00e0 cette transition plan\u00e9taire et vibratoire.<\/p>\n\n\n\n<p>Plus vous serez nombreux \u00e0 prendre conscience de cet \u00e9v\u00e9nement et \u00e0 ouvrir votre c\u0153ur en laissant s\u2019exprimer l\u2019\u00catre de Lumi\u00e8re en vous, plus cette transition se passera facilement, et plus rapidement vous pourrez \u00ab entrer de plein pied \u00bb dans le Nouveau Monde qui sera le v\u00f4tre demain.<\/p>\n\n\n\n<p>Dans ce Nouveau Monde qui vous attend, vous d\u00e9couvrirez un monde de paix, de bonheur, o\u00f9 l\u2019Amour r\u00e8gne partout. Il ne tient qu\u2019\u00e0 vous de h\u00e2ter ce moment et de le vivre pleinement en oubliant les vicissitudes de la vie actuelle, que vous connaissez.<\/p>\n\n\n\n<h3 class=\"wp-block-heading\">Comment faire me dites-vous ?<\/h3>\n\n\n\n<p>Tout simplement comme je vous l\u2019ai d\u00e9j\u00e0 dit maintes fois, en ouvrant votre c\u0153ur, en acceptant l\u2019Autre dans sa\/ses diff\u00e9rence(s), en laissant s\u2019exprimer sans r\u00e9serve l\u2019Amour en vous.<\/p>\n\n\n\n<p>Si vous ne savez pas quoi faire, demander \u00e0 votre \u00e2me \/ l\u2019\u00catre de Lumi\u00e8re en vous, de vous guider et de vous aider \u00e0 laisser l\u2019Amour en vous s\u2019exprimer. Chacun d\u2019entre-vous peut, s\u2019il le veut, participer activement \u00e0 ce magnifique changement de paradigme en court.<\/p>\n\n\n\n<p>Demain sera diff\u00e9rent, vous vivrez dans un monde de joie, de bonheur, d\u2019Amour. Il ne tient qu\u2019\u00e0 vous d\u2019acc\u00e9l\u00e9rer le processus en \u00e9tant pleinement acteur de cette transition.<\/p>\n\n\n\n<p>Pour nous aider \u00e0 acc\u00e9l\u00e9rer ce processus, \u00e0 faire le n\u00e9cessaire pour que cela se passe le plus sereinement possible,&nbsp;<strong>nous vous demandons peu et \u00e0 la fois beaucoup<\/strong>&nbsp;<strong>: tout simplement d\u2019\u00catre Amour, de Rayonner l\u2019Amour, de regarder l\u2019Autre avec Amour.<\/strong><\/p>\n\n\n\n<p>Je sais tr\u00e8s bien que pour certains, regarder l\u2019Autre avec Amour n\u2019est pas ais\u00e9\u2026 et pourtant n\u00e9cessaire, car qu\u2019est-ce qui diff\u00e9rentie l\u2019Autre de vous-m\u00eame ? Finalement peu de chose, mais importante : ce que vous avez \u00e0 travailler en vous, pour gommer cette \u00ab diff\u00e9rence \u00bb.<br>Ce \u00ab gommage \u00bb des vos asp\u00e9rit\u00e9s qui peuvent vous rendre abrupt, ne peut se faire que par l\u2019<strong>Amour de Soi<\/strong>.<\/p>\n\n\n\n<div class=\"wp-block-image\"><figure class=\"alignleft\"><img decoding=\"async\" src=\"https:\/\/messagescelestes.ca\/wp-content\/uploads\/2019\/08\/P%C3%A9n%C3%A9lope-et-Ulysse-300x224.jpg\" alt=\"\" class=\"wp-image-18293\"\/><\/figure><\/div>\n\n\n\n<p>Et oui, l\u2019Amour de vous-m\u00eame s\u2019obtiendra en polissant toutes les asp\u00e9rit\u00e9s en vous, ainsi que toutes les sources de conflits, de jugement, de critiques. Et cela, seul l\u2019Amour de vous le permettra et vous pr\u00e9parera \u00e0 vivre dans ce nouveau plan de conscience qui s\u2019ouvre \u00e0 vous, tel un v\u00e9ritable Nouveau Monde.<\/p>\n\n\n\n<p>Polissez les asp\u00e9rit\u00e9s, en vous mes chers Enfants de la Terre, et vous participerez activement \u00e0 ce magnifique moment qu\u2019est l\u2019ascension plan\u00e9taire en cours.<br>Ne laissez pas une seule zone d\u2019ombre en vous, \u00e9clairez toutes les facettes de votre \u00catre, soyez Lumi\u00e8re, soyez Amour.<\/p>\n\n\n\n<p>Certains d\u2019entre-vous attendent, telle P\u00e9n\u00e9lope qui attendait Ulysse, des vaisseaux extra-terrestres pour les emmener sur d\u2019autres lieux plus hospitaliers, que votre actuel lieu de vie\u2026 viendront-ils ? Que nenni !!!<\/p>\n\n\n\n<h3 class=\"wp-block-heading\">La plan\u00e8te Terre ascensionne<\/h3>\n\n\n\n<div class=\"wp-block-image\"><figure class=\"alignright\"><img decoding=\"async\" src=\"https:\/\/messagescelestes.ca\/wp-content\/uploads\/2019\/08\/Ascension-de-la-Terre-300x187.jpg\" alt=\"\" class=\"wp-image-18294\"\/><\/figure><\/div>\n\n\n\n<p>La plan\u00e8te Terre, votre lieu de vie actuel poursuit et ach\u00e8vera son ascension, m\u00eame si pour cela elle doit se secouer en provoquant ce que vous appelez de \u00ab cataclysmes\u00ab . Si vous ne souhaitez pas participer \u00e0 cette ascension, ils vous permettront de rejoindre d\u2019autres plans de conscience.<\/p>\n\n\n\n<p>Mais si vous souhaitez vivre cet \u00e9v\u00e9nement et d\u00e9couvrir le monde de demain, qui r\u00e8gnera sur la Terre, autorisez-vous \u00e0 y participer en conscience, en laissant l\u2019\u00catre de Lumi\u00e8re en vous exprimer tout l\u2019Amour dont il est porteur.<\/p>\n\n\n\n<p>La t\u00e2che peut vous sembler ardue, car vous allez remettre en cause de nombreuses croyances accumul\u00e9es au fil du temps et de vos vies successives. Mais prenez conscience que ce que vous avez pris pour acquis jusqu\u2019\u00e0 ce jour, ne sera plus vrai demain, cat vous allez laisser sur le plan de conscience actuel, o\u00f9 vous vivez, toute notion de dualit\u00e9, en entrant dans le Nouveau Monde qui vous attend.<\/p>\n\n\n\n<p>C\u2019est pour cela que vous devez vous y pr\u00e9parer, car sinon le niveau vibratoire que vous y d\u00e9couvrirez sera peut-\u00eatre trop important pour vous, et vous devrez peut-\u00eatre rebrousser chemin provisoirement.<\/p>\n\n\n\n<h3 class=\"wp-block-heading\">L\u2019Amour de Soi et de l\u2019Autre<\/h3>\n\n\n\n<p>C\u2019est maintenant que vous devez vous efforcer de d\u00e9couvrir l\u2019Amour de Soi et de l\u2019Autre, en \u00e9liminant progressivement les zones d\u2019ombre qui peuvent encore vous encombrer.<\/p>\n\n\n\n<p>Oui c\u2019est maintenant et non demain, aussi faites cet effort qui n\u2019est pas insurmontable de&nbsp;<strong>vous aimer<\/strong>&nbsp;et&nbsp;<strong>aimer l\u2019Autre<\/strong>, quelques soient vos diff\u00e9rences apparentes. Ce faisant, vous participerez activement \u00e0 cette ascension plan\u00e9taire en cours et d\u00e9couvrirez tr\u00e8s prochainement le monde d\u2019Amour qui vous attend. Il n\u2019est pas trop tard pour participer ce magnifique \u00e9v\u00e9nement<\/p>\n\n\n\n<h3 class=\"wp-block-heading\">Aimez vos zones d\u2019ombre<\/h3>\n\n\n\n<p>Vous pouvez commencer d\u00e8s maintenant \u00e0 regarder les zones d\u2019ombre en vous et \u00e0 les aimer sans r\u00e9serve ni jugement.<\/p>\n\n\n\n<p>N\u2019oubliez-pas : nul besoin de jugement pour \u00e9valuer vos actions, vos pens\u00e9es ; simplement en prendre conscience et comprendre que tout est exp\u00e9rience dans le but d\u2019\u00e9voluer.<\/p>\n\n\n\n<p>Maintenant, aujourd\u2019hui, vous avez la possibilit\u00e9 de faire un grand pas \u2013 un pas de g\u00e9ant, dirais-je \u2013 sur le chemin de votre \u00e9volution. Aussi, n\u2019h\u00e9sitez-pas participez activement \u00e0 l\u2019ascension de votre plan\u00e8te la Terre et de sa population qui le souhaite, en transmutant l\u2019ombre en vous, en Lumi\u00e8re.<\/p>\n\n\n\n<h3 class=\"wp-block-heading\">Transmutation de l\u2019ombre en Soi, en Lumi\u00e8re<\/h3>\n\n\n\n<p>Cette transmutation de l\u2019ombre en Soi en Lumi\u00e8re, dont vous pouvez \u00eatre les artisans et le v\u00e9ritable \u00ab carburant \u00bb qui va vous propulser, vous et votre plan\u00e8te la Terre, sur un plan de conscience o\u00f9 l\u2019Amour r\u00e8gnera et o\u00f9 l\u2019\u00catre de Lumi\u00e8re en vous pourra s\u2019exprimer librement.<\/p>\n\n\n\n<div class=\"wp-block-image\"><figure class=\"alignright\"><img decoding=\"async\" src=\"https:\/\/messagescelestes.ca\/wp-content\/uploads\/2019\/08\/Rayonner-de-Lumi%C3%A8re-papillon-300x224.jpg\" alt=\"\" class=\"wp-image-18295\"\/><\/figure><\/div>\n\n\n\n<p>Soyez bien conscients que nul ne peut stopper ce changement vibratoire en cours pour la Terre, mais que vous pouvez participer \u00e0 l\u2019acc\u00e9l\u00e9rer afin d\u2019y acc\u00e9der au plus vite et d\u2019oublier toutes les difficult\u00e9s de votre vie actuelle.<\/p>\n\n\n\n<p>Faites-vous confiance, faites nous confiance, dans tr\u00e8s peu de temps, si vous le voulez, vous aussi pourrez vivre sereinement dans ce monde de bonheur, de joie et d\u2019Amour qui vous attend. Lorsque je dis \u00ab dans tr\u00e8s peu de temps \u00bb, je fais bien entendu allusion \u00e0 votre temps terrestre !<\/p>\n\n\n\n<p>Ne soyez pas impatients, mais participez activement \u00e0 cette transmutation de l\u2019ombre en Soi, en Lumi\u00e8re.<\/p>\n\n\n\n<p>C\u2019est en rayonnant de Lumi\u00e8re que vous participerez \u00e0 l\u2019illumination de votre plan\u00e8te la Terre et acc\u00e9l\u00e9rez son ascension.<\/p>\n\n\n\n<h4 class=\"wp-block-heading\"><strong>Transmuter l\u2019ombre en Soi, en Lumi\u00e8re, est la cl\u00e9.<\/strong><\/h4>\n\n\n\n<p>Je vous attends \u00e0 la porte de ce Nouveau Monde que vous co-cr\u00e9ez.<br>Avec tout mon amour<\/p>\n\n\n\n<p>HilarionMessage du Ma\u00eetre Hilarion, re\u00e7u le 4 ao\u00fbt 2019 parJean-Paul Thouny<\/p>\n\n\n\n<p><strong>Partag\u00e9 par :&nbsp;<a href=\"https:\/\/messagescelestes.ca\/\">https:\/\/messagescelestes.ca<\/a>&nbsp;\u2013 Messages C\u00e9lestes<\/strong><\/p>\n<div class=\"fcbkbttn_buttons_block\" id=\"fcbkbttn_left\"><div class=\"fcbkbttn_like \"><fb:like href=\"http:\/\/la-flamme-verte.fr\/index.php\/2019\/08\/17\/transmuter-lombre-en-soi-en-lumiere-message-du-maitre-hilarion\/\" action=\"like\" colorscheme=\"light\" layout=\"standard\"  width=\"225px\" size=\"small\"><\/fb:like><\/div><div class=\"fb-share-button  \" data-href=\"http:\/\/la-flamme-verte.fr\/index.php\/2019\/08\/17\/transmuter-lombre-en-soi-en-lumiere-message-du-maitre-hilarion\/\" data-type=\"button_count\" data-size=\"small\"><\/div><\/div>","protected":false},"excerpt":{"rendered":"<p>https:\/\/messagescelestes.ca\/transmuter-lombre-en-soi-en-lumiere\/ Mes chers enfants de la Terre, Le jour est venu de vous r\u00e9veiller et de passer \u00e0 l\u2019action !Certains d\u2019entre-vous se sont d\u00e9j\u00e0 r\u00e9veill\u00e9s et ont entam\u00e9 le processus de changement profond en eux. Mais vous aussi devez maintenant vous prendre en main pour participer activement au changement de paradigme en cours. Changement vibratoire [&hellip;]<\/p>\n","protected":false},"author":1,"featured_media":0,"comment_status":"open","ping_status":"open","sticky":false,"template":"","format":"video","meta":{"footnotes":""},"categories":[1],"tags":[],"class_list":["post-693","post","type-post","status-publish","format-video","hentry","category-uncategorized","post_format-post-format-video"],"_links":{"self":[{"href":"http:\/\/la-flamme-verte.fr\/index.php\/wp-json\/wp\/v2\/posts\/693"}],"collection":[{"href":"http:\/\/la-flamme-verte.fr\/index.php\/wp-json\/wp\/v2\/posts"}],"about":[{"href":"http:\/\/la-flamme-verte.fr\/index.php\/wp-json\/wp\/v2\/types\/post"}],"author":[{"embeddable":true,"href":"http:\/\/la-flamme-verte.fr\/index.php\/wp-json\/wp\/v2\/users\/1"}],"replies":[{"embeddable":true,"href":"http:\/\/la-flamme-verte.fr\/index.php\/wp-json\/wp\/v2\/comments?post=693"}],"version-history":[{"count":3,"href":"http:\/\/la-flamme-verte.fr\/index.php\/wp-json\/wp\/v2\/posts\/693\/revisions"}],"predecessor-version":[{"id":697,"href":"http:\/\/la-flamme-verte.fr\/index.php\/wp-json\/wp\/v2\/posts\/693\/revisions\/697"}],"wp:attachment":[{"href":"http:\/\/la-flamme-verte.fr\/index.php\/wp-json\/wp\/v2\/media?parent=693"}],"wp:term":[{"taxonomy":"category","embeddable":true,"href":"http:\/\/la-flamme-verte.fr\/index.php\/wp-json\/wp\/v2\/categories?post=693"},{"taxonomy":"post_tag","embeddable":true,"href":"http:\/\/la-flamme-verte.fr\/index.php\/wp-json\/wp\/v2\/tags?post=693"}],"curies":[{"name":"wp","href":"https:\/\/api.w.org\/{rel}","templated":true}]}}