{"id":690,"date":"2019-08-20T17:54:00","date_gmt":"2019-08-20T17:54:00","guid":{"rendered":"http:\/\/la-flamme-verte.fr\/?p=690"},"modified":"2019-08-20T17:54:00","modified_gmt":"2019-08-20T17:54:00","slug":"meditation-de-prosperite-de-larchange-raphael-et-de-merlin-2","status":"publish","type":"post","link":"http:\/\/la-flamme-verte.fr\/index.php\/2019\/08\/20\/meditation-de-prosperite-de-larchange-raphael-et-de-merlin-2\/","title":{"rendered":"M\u00e9ditation de Prosp\u00e9rit\u00e9 de l\u2019Archange Rapha\u00ebl et de Merlin !"},"content":{"rendered":"\n<figure class=\"wp-block-video\"><\/figure>\n\n\n\n<div class=\"wp-block-image\"><figure class=\"aligncenter\"><img loading=\"lazy\" decoding=\"async\" width=\"253\" height=\"199\" src=\"http:\/\/la-flamme-verte.fr\/wp-content\/uploads\/2019\/08\/t\u00e9l\u00e9chargement-51.jpg\" alt=\"\" class=\"wp-image-691\" srcset=\"http:\/\/la-flamme-verte.fr\/wp-content\/uploads\/2019\/08\/t\u00e9l\u00e9chargement-51.jpg 253w, http:\/\/la-flamme-verte.fr\/wp-content\/uploads\/2019\/08\/t\u00e9l\u00e9chargement-51-150x118.jpg 150w\" sizes=\"(max-width: 253px) 100vw, 253px\" \/><\/figure><\/div>\n\n\n\n<h4 class=\"wp-block-heading\" style=\"text-align:center\"><a href=\"https:\/\/les-nouveaux-enfants.wixsite.com\/les-enfants-cristal\/single-post\/2017\/10\/12\/M%C3%A9ditation-de-Prosp%C3%A9rit%C3%A9-de-l%E2%80%99Archange-Rapha%C3%ABl-et-de-Merlin?fbclid=IwAR0m0m-QgWYS7DtBjq2otnakf31dW8bD-0QK4AAo8nc6ZSHvGsDYo--cd8U\">https:\/\/les-nouveaux-enfants.wixsite.com\/les-enfants-cristal\/single-post\/2017\/10\/12\/M%C3%A9ditation-de-Prosp%C3%A9rit%C3%A9-de-l%E2%80%99Archange-Rapha%C3%ABl-et-de-Merlin?fbclid=IwAR0m0m-QgWYS7DtBjq2otnakf31dW8bD-0QK4AAo8nc6ZSHvGsDYo&#8211;cd8U<\/a><\/h4>\n<div class=\"fcbkbttn_buttons_block\" id=\"fcbkbttn_left\"><div class=\"fcbkbttn_like \"><fb:like href=\"http:\/\/la-flamme-verte.fr\/index.php\/2019\/08\/20\/meditation-de-prosperite-de-larchange-raphael-et-de-merlin-2\/\" action=\"like\" colorscheme=\"light\" layout=\"standard\"  width=\"225px\" size=\"small\"><\/fb:like><\/div><div class=\"fb-share-button  \" data-href=\"http:\/\/la-flamme-verte.fr\/index.php\/2019\/08\/20\/meditation-de-prosperite-de-larchange-raphael-et-de-merlin-2\/\" data-type=\"button_count\" data-size=\"small\"><\/div><\/div>","protected":false},"excerpt":{"rendered":"<p>https:\/\/les-nouveaux-enfants.wixsite.com\/les-enfants-cristal\/single-post\/2017\/10\/12\/M%C3%A9ditation-de-Prosp%C3%A9rit%C3%A9-de-l%E2%80%99Archange-Rapha%C3%ABl-et-de-Merlin?fbclid=IwAR0m0m-QgWYS7DtBjq2otnakf31dW8bD-0QK4AAo8nc6ZSHvGsDYo&#8211;cd8U<\/p>\n","protected":false},"author":1,"featured_media":0,"comment_status":"open","ping_status":"open","sticky":false,"template":"","format":"video","meta":{"footnotes":""},"categories":[6],"tags":[],"class_list":["post-690","post","type-post","status-publish","format-video","hentry","category-meditations","post_format-post-format-video"],"_links":{"self":[{"href":"http:\/\/la-flamme-verte.fr\/index.php\/wp-json\/wp\/v2\/posts\/690"}],"collection":[{"href":"http:\/\/la-flamme-verte.fr\/index.php\/wp-json\/wp\/v2\/posts"}],"about":[{"href":"http:\/\/la-flamme-verte.fr\/index.php\/wp-json\/wp\/v2\/types\/post"}],"author":[{"embeddable":true,"href":"http:\/\/la-flamme-verte.fr\/index.php\/wp-json\/wp\/v2\/users\/1"}],"replies":[{"embeddable":true,"href":"http:\/\/la-flamme-verte.fr\/index.php\/wp-json\/wp\/v2\/comments?post=690"}],"version-history":[{"count":1,"href":"http:\/\/la-flamme-verte.fr\/index.php\/wp-json\/wp\/v2\/posts\/690\/revisions"}],"predecessor-version":[{"id":692,"href":"http:\/\/la-flamme-verte.fr\/index.php\/wp-json\/wp\/v2\/posts\/690\/revisions\/692"}],"wp:attachment":[{"href":"http:\/\/la-flamme-verte.fr\/index.php\/wp-json\/wp\/v2\/media?parent=690"}],"wp:term":[{"taxonomy":"category","embeddable":true,"href":"http:\/\/la-flamme-verte.fr\/index.php\/wp-json\/wp\/v2\/categories?post=690"},{"taxonomy":"post_tag","embeddable":true,"href":"http:\/\/la-flamme-verte.fr\/index.php\/wp-json\/wp\/v2\/tags?post=690"}],"curies":[{"name":"wp","href":"https:\/\/api.w.org\/{rel}","templated":true}]}}