{"id":1054,"date":"2022-05-20T18:40:59","date_gmt":"2022-05-20T18:40:59","guid":{"rendered":"http:\/\/la-flamme-verte.fr\/?p=1054"},"modified":"2022-05-20T18:40:59","modified_gmt":"2022-05-20T18:40:59","slug":"vivez-le-grand-changement-vibratoire-et-planetaire-message-dhilarion","status":"publish","type":"post","link":"http:\/\/la-flamme-verte.fr\/index.php\/2022\/05\/20\/vivez-le-grand-changement-vibratoire-et-planetaire-message-dhilarion\/","title":{"rendered":"Vivez le Grand Changement vibratoire et plan\u00e9taire ! Message d&rsquo;Hilarion"},"content":{"rendered":"\n<div class=\"wp-block-image\"><figure class=\"aligncenter\"><img decoding=\"async\" src=\"https:\/\/messagescelestes.ca\/wp-content\/uploads\/2019\/10\/Hilarion-Rayon-vert-696x489.jpg\" alt=\"\"\/><\/figure><\/div>\n\n\n\n<h4 class=\"has-text-align-center wp-block-heading\"><a href=\"https:\/\/messagescelestes.ca\/vivez-le-grand-changement-vibratoire-et-planetaire\/\">https:\/\/messagescelestes.ca\/vivez-le-grand-changement-vibratoire-et-planetaire\/<\/a><\/h4>\n\n\n\n<p><\/p>\n\n\n\n<blockquote class=\"wp-block-quote is-layout-flow wp-block-quote-is-layout-flow\"><p>Vous avez souhait\u00e9, vivre pleinement ce<br>Grand Changement vibratoire, et participer activement<br>\u00e0 l\u2019\u00e9v\u00e9nement de l\u2019ascension de la Terre et de sa population\u2026<\/p><\/blockquote>\n\n\n\n<p>Mes chers Enfants de la Terre,<\/p>\n\n\n\n<div class=\"wp-block-image\"><figure class=\"alignright\"><a href=\"https:\/\/energie-sante.net\/wp-content\/uploads\/2022\/05\/NG298_vivez-le-grand-changement-vibratoire-et-planetaire-1.jpg\"><img decoding=\"async\" src=\"https:\/\/energie-sante.net\/wp-content\/uploads\/2022\/05\/NG298_vivez-le-grand-changement-vibratoire-et-planetaire-1-300x175.jpg\" alt=\"Grand Changement\" class=\"wp-image-32176\"\/><\/a><\/figure><\/div>\n\n\n\n<p>Ne d\u00e9sesp\u00e9rez pas, nous ne vous avons pas abandonn\u00e9s. Non, vous comptez tellement pour nous et nous vous soutenons depuis tant de temps, depuis des \u00e9ons dirai-je m\u00eame.<\/p>\n\n\n\n<h3 class=\"wp-block-heading\">Vos efforts seront r\u00e9compens\u00e9s<\/h3>\n\n\n\n<p>Vos efforts arrivent \u00e0 leur aboutissement. Dans tr\u00e8s peu de temps \u2013&nbsp;de votre temps terrestre&nbsp;\u2013 vous serez r\u00e9compens\u00e9s, pour celles et ceux qui avez choisi en votre \u00e2mes de vivre pleinement l\u2019ascension de votre plan\u00e8te la Terre et d\u2019acc\u00e9der au Nouveau Monde qui vous attend. Ce monde va pr\u00e9figur\u00e9 pour vous l\u2019\u00c2ge d\u2019Or de la Terre.<\/p>\n\n\n\n<p>Vous avez beau essayer, vous ne pouvez imaginer ce que ce Nouveau Monde sera pour vous\u2026 Bien au-del\u00e0 de tout ce que vous \u00eates \u00e0 m\u00eame d\u2019imaginer, avec votre vision actuelle de la troisi\u00e8me dimension.<\/p>\n\n\n\n<p>Demain vous d\u00e9couvrirez les joies et le bonheur qui vous seront offerts dans le monde de cinqui\u00e8me dimension qui vous attend.<\/p>\n\n\n\n<p>La prise de conscience n\u00e9cessaire qui vous permettra d\u2019y acc\u00e9der, constituera un bref passage dans la quatri\u00e8me dimension, la dimension du c\u0153ur, de l\u2019Amour inconditionnel.<\/p>\n\n\n\n<h3 class=\"wp-block-heading\">Quand d\u00e9couvrirai-je cela me dites-vous ?<\/h3>\n\n\n\n<div class=\"wp-block-image\"><figure class=\"alignleft\"><a href=\"https:\/\/energie-sante.net\/wp-content\/uploads\/2022\/05\/NG298_zones-d-ombre-en-soi.jpg\"><img decoding=\"async\" src=\"https:\/\/energie-sante.net\/wp-content\/uploads\/2022\/05\/NG298_zones-d-ombre-en-soi-300x188.jpg\" alt=\"Grand Changement\" class=\"wp-image-32177\"\/><\/a><\/figure><\/div>\n\n\n\n<p>Et bien quand vous le d\u00e9ciderez, non pas avec votre mental, mais avec votre c\u0153ur, en aimant l\u2019Autre, non pas en fonction de ce qu\u2019il est comme individu terrestre, mais comme \u00catre de Lumi\u00e8re incarn\u00e9, \u00e9tincelle divine.<\/p>\n\n\n\n<p>\u00c0 ce moment-l\u00e0, vous aurez nettoy\u00e9 toutes les zones d\u2019ombre en vous, et le c\u0153ur pur, vous franchirez all\u00e8grement la&nbsp;Porte du Nouveau Monde, dans la Joie et l\u2019Amour divin retrouv\u00e9.<\/p>\n\n\n\n<p>Comme je vous le dis, il ne tient qu\u2019\u00e0 vous d\u2019y acc\u00e9der d\u00e8s demain, si vous le voulez bien. Demain peut \u00eatre tr\u00e8s proche ou\u2026 plus loin, dans votre temps terrestre ; cela ne d\u00e9pend que de vous et de l\u2019Amour que vous vous permettrez.<\/p>\n\n\n\n<p>Car n\u2019oubliez pas, pour aimer l\u2019Autre comme il se doit, vous devez auparavant vous aimer vous-m\u00eame, et c\u2019est cet amour de vous qui nettoiera les zones d\u2019ombre qui peuvent encore \u00eatre pr\u00e9sentes en vous. Ces&nbsp;zones d\u2019ombre, il est indispensable que vous les dissolviez, afin qu\u2019elles laissent la Lumi\u00e8re vous envahir, vous emplir.<\/p>\n\n\n\n<h3 class=\"wp-block-heading\">Le Nouveau Monde, apr\u00e8s le Grand Changement<\/h3>\n\n\n\n<p>Cette Lumi\u00e8re participe \u00e0 l\u2019\u00e9l\u00e9vation de votre niveau vibratoire et aux modifications de votre ADN, afin que votre v\u00e9hicule de chair (votre corps physique) puisse vous permettre d\u2019acc\u00e9der au Nouveau Monde, en cinqui\u00e8me dimension.<\/p>\n\n\n\n<div class=\"wp-block-image\"><figure class=\"alignright\"><a href=\"https:\/\/energie-sante.net\/wp-content\/uploads\/2022\/05\/NG298_porte-nouveau-monde.jpg\"><img decoding=\"async\" src=\"https:\/\/energie-sante.net\/wp-content\/uploads\/2022\/05\/NG298_porte-nouveau-monde-300x200.jpg\" alt=\"Porte du Nouveau Monde\" class=\"wp-image-32173\"\/><\/a><\/figure><\/div>\n\n\n\n<p>Une toute autre vie vous y attend, car vous allez progressivement retrouver les facult\u00e9s que vous avez tous, enfouies au plus profond de votre \u00eatre. Ces facult\u00e9s sont, pour en nommer quelques-une : la t\u00e9l\u00e9pathie, la t\u00e9l\u00e9portation et bien d\u2019autres, dans ce Nouveau Monde o\u00f9 la dualit\u00e9 n\u2019existera plus, car plus n\u00e9cessaire. Vous l\u2019avez exp\u00e9riment\u00e9e depuis\u2026 si longtemps, que maintenant elle n\u2019est plus n\u00e9cessaire \u00e0 celles et ceux d\u2019entre-vous qui avez choisi de progresser, de vivre l\u2019ascension de la Terre, au plus profond de votre \u00e2me.<\/p>\n\n\n\n<p>Bien s\u00fbr, d\u2019autres ont fait d\u2019autres choix et ont pr\u00e9f\u00e9r\u00e9 se laisser bercer par les sir\u00e8nes de l\u2019ombre pour b\u00e9n\u00e9ficier d\u2019un certain confort \u00e9ph\u00e9m\u00e8re, pour ne pas vouloir surmonter leurs peurs\u2026 et ceux-ci repartiront vers d\u2019autres cieux, d\u2019autres plans de conscience leur correspondant mieux, afin qu\u2019ils puissent y continuer leur progression. Celle-ci peut sembler plus lente que la v\u00f4tre, qui avez choisi de franchir ce cap et de vivre l\u2019ascension de votre plan\u00e8te la Terre.<\/p>\n\n\n\n<p>Ne soyez pas triste, m\u00eame s\u2019il s\u2019agit de proches, voir de tr\u00e8s proches, ainsi que j\u2019ai d\u00e9j\u00e0 eu l\u2019occasion de vous le dire, \u00e0 maintes reprises.<\/p>\n\n\n\n<p>La Vie est infinie et continue, pour vous tous, m\u00eame si son d\u00e9roulement est diff\u00e9rent pour vous tous. N\u2019oubliez-pas que vous \u00eates tous uniques et que vos proches actuels ne l\u2019\u00e9taient peut-\u00eatre pas dans votre pr\u00e9c\u00e9dente exp\u00e9rience de vie.<\/p>\n\n\n\n<h3 class=\"wp-block-heading\">La r\u00e9v\u00e9lation de ce qui vient<\/h3>\n\n\n\n<p>Les \u00e9v\u00e9nements qui viennent, qui vont se produire, vont plus que surprendre beaucoup d\u2019entre-vous, qui vont commencer \u00e0 douter de tout ce qui sera r\u00e9v\u00e9l\u00e9, de tout ce qui sera amen\u00e9 \u00e0 votre connaissance.<\/p>\n\n\n\n<div class=\"wp-block-image\"><figure class=\"alignleft\"><a href=\"https:\/\/energie-sante.net\/wp-content\/uploads\/2022\/05\/NG298_revelation-g.jpg\"><img decoding=\"async\" src=\"https:\/\/energie-sante.net\/wp-content\/uploads\/2022\/05\/NG298_revelation-g-300x300.jpg\" alt=\"Grand Changement\" class=\"wp-image-32179\"\/><\/a><\/figure><\/div>\n\n\n\n<p>En effet, ce qui va vous \u00eatre&nbsp;r\u00e9v\u00e9l\u00e9 tr\u00e8s prochainement, va d\u00e9passer l\u2019entendement de tout ce que vous auriez pu imaginer de sombre, de cruel\u2026 et pourtant cela existe depuis\u2026 la nuit des temps sur votre plan\u00e8te.<\/p>\n\n\n\n<p>Par contre, \u00e0 ce moment l\u00e0, vous concevrez que cela ne peut plus durer, et que dans son ascension, votre plan\u00e8te la Terre se doit d\u2019\u00eatre nettoy\u00e9e. Car lorsque celle-ci sera achev\u00e9e, seuls l\u2019Amour, le Bonheur et la Joie de vivre y auront leur place, \u00e0 un tr\u00e8s haut niveau vibratoire : la vibration de l\u2019Amour inconditionnel. Ensuite tout sera chang\u00e9, plus rien ne sera comme avant\u2026<\/p>\n\n\n\n<p>C\u2019est pourquoi ce grand nettoyage actuellement en cours est n\u00e9cessaire et indispensable.<\/p>\n\n\n\n<p>Dans votre actualit\u00e9 du moment, beaucoup critiquent la Russie de prendre une part active \u00e0 ce&nbsp;nettoyage plan\u00e9taire, mais ses dirigeants font \u0153uvre de d\u00e9vouement et d\u2019implication, en ayant accept\u00e9 ce travail de salubrit\u00e9, en collaboration avec l\u2019Alliance plan\u00e9taire ; et ils sont loin d\u2019\u00eatre les seuls actuellement sur la Terre \u00e0 y participer.<\/p>\n\n\n\n<h3 class=\"wp-block-heading\">Votre choix d\u2019incarnation<\/h3>\n\n\n\n<p>A l\u2019issue de celui-ci, vous sera r\u00e9v\u00e9l\u00e9 qui vous \u00eates r\u00e9ellement, et d\u2019o\u00f9 vous venez avant cette incarnation, et pourquoi\u2026<\/p>\n\n\n\n<div class=\"wp-block-image\"><figure class=\"alignright\"><a href=\"https:\/\/energie-sante.net\/wp-content\/uploads\/2022\/05\/NG298_reincarnation.jpg\"><img decoding=\"async\" src=\"https:\/\/energie-sante.net\/wp-content\/uploads\/2022\/05\/NG298_reincarnation-300x200.jpg\" alt=\"Grand Changement\" class=\"wp-image-32174\"\/><\/a><\/figure><\/div>\n\n\n\n<p>L\u2019incarnation que vous vivez actuellement ; sachez bien que vous l\u2019avez souhait\u00e9e, vous qui lisez ces lignes\u2026 vous l\u2019avez choisi\u2026 maintenant assumez-la et vous pourrez vivre pleinement le Grand Changement pour lequel vous \u00eates pr\u00e9sent ici-bas.<\/p>\n\n\n\n<p>Ce que vous avez souhait\u00e9 de toutes vos forces : participer activement \u00e0 ce Grand Changement qu\u2019est l\u2019ascension plan\u00e9taire et l\u2019entr\u00e9e dans le nouveau monde, vous l\u2019avez obtenue.<\/p>\n\n\n\n<p>Aujourd\u2019hui il ne vous est pas demand\u00e9 de participer au grand nettoyage des zones sombres de certaines parties de la Terre, mais de participer activement au nettoyage des zones sombres ou\u2026 non encore \u00e9clair\u00e9es, en vous.<\/p>\n\n\n\n<p>Vous savez tr\u00e8s bien que la partie de cette vie, dans la troisi\u00e8me dimension, que vous venez d\u2019accomplir, n\u2019a pas \u00e9t\u00e9 toujours lumineuse et que certaines zones en vous manquent encore de Lumi\u00e8re.<\/p>\n\n\n\n<h3 class=\"wp-block-heading\">Vous \u00eates unique<\/h3>\n\n\n\n<p>Aussi, efforcez-vous maintenant de nettoyer ces parties de vous, non encore \u00e9clair\u00e9es, de les illuminer. Car telles des petites bougies, tous ensembles, vous allez participer \u00e0 cr\u00e9er la grande lueur d\u2019Amour, qui en \u00e9levant le niveau vibratoire de la population, va acc\u00e9l\u00e9rer l\u2019ascension de la plan\u00e8te Terre, votre plan\u00e8te, et sa population ; c\u2019est \u00e0 dire : Vous !<\/p>\n\n\n\n<p>Pour acc\u00e9der au Nouveau Monde qui vous attend, toutes portes ouvertes, il vous suffit d\u2019encore un petit effort : finaliser le nettoyage des parties sombres en vous.<\/p>\n\n\n\n<p>Surtout pour cela, ne regardez le voisin en pensant : \u00ab&nbsp;Oh mais lui\u2026&nbsp;\u00bb. Vous ne savez pas qui est r\u00e9ellement l\u2019Autre, votre voisin, votre proche, car comme je vous l\u2019ai d\u00e9j\u00e0 dit, vous \u00eates tous uniques.<\/p>\n\n\n\n<p>Peut \u00eatre franchira-t-il la Porte du Nouveau Monde avant vous ou pas\u2026 qu\u2019importe, seul vous, votre participation active au travers de vos efforts pour participer au Grand Changement comptent.<\/p>\n\n\n\n<p>Peut-\u00eatre ne franchira-t-il pas cette Porte, car ne se sentant pas pr\u00eat vibratoirement parlant, quittera-t-il la Terre pour rejoindre d\u2019autres plans de conscience o\u00f9 il pourra continuer \u00e0 son rythme son cheminement.<\/p>\n\n\n\n<h3 class=\"wp-block-heading\">Ne jugez pas l\u2019Autre<\/h3>\n\n\n\n<div class=\"wp-block-image\"><figure class=\"alignleft\"><a href=\"https:\/\/energie-sante.net\/wp-content\/uploads\/2022\/05\/NG298_jugement.jpg\"><img decoding=\"async\" src=\"https:\/\/energie-sante.net\/wp-content\/uploads\/2022\/05\/NG298_jugement-300x200.jpg\" alt=\"Jugement\" class=\"wp-image-32172\"\/><\/a><\/figure><\/div>\n\n\n\n<p>Aussi&nbsp;<strong>ne portez pas de jugement sur l\u2019Autre<\/strong>, votre voisin, votre proche, qui ne semble pas pr\u00eat \u00e0 vivre le Grand Changement vibratoire. Chacun d\u2019entre-vous est unique comme je vous l\u2019ai d\u00e9j\u00e0 dit et \u00e9volue \u00e0 sa propre vitesse.<\/p>\n\n\n\n<p>Qu\u2019importe ! Peut-\u00eatre qu\u2019\u00e0 un certain moment il va rejoindre le Nouveau Monde et peut-\u00eatre connaitra-t-il&nbsp;&nbsp;l\u2019\u00c2ge d\u2019Or de la Terre avant vous\u2026 ce n\u2019est pas important.<\/p>\n\n\n\n<p>Aussi ne soyez pas attrist\u00e9s lorsque vous verrez repartir toutes celles et ceux qui ont fait le choix de ne pas d\u00e9couvrir le Nouveau Monde vibratoire qui s\u2019offre \u00e0 vous, cette fois-ci, et qui iront vers d\u2019autres cieux.<\/p>\n\n\n\n<p>Ne soyez pas choqu\u00e9s de constater que tr\u00e8s prochainement, tr\u00e8s nombreux seront celles et ceux qui repartiront, qui quitteront la Terre. Que leurs moyens de d\u00e9part soient accidents, maladies, ou vaccins, qu\u2019importe puisqu\u2019ils ont fait en leur \u00e2me ce choix l\u00e0.<\/p>\n\n\n\n<p>Avec la haute mont\u00e9e du niveau vibratoire actuel et \u00e0 venir, ils ne pourraient plus vivre sur la Terre, en fonction de leur propre niveau vibratoire ; l\u2019\u00e9cart serai trop important pour rester viable. C\u2019est pour cela qu\u2019ils ont choisi de continuer leur apprentissage de la Vie sur d\u2019autres plans.<\/p>\n\n\n\n<h3 class=\"wp-block-heading\">La Vie et son \u00e9volution avec le Grand Changement<\/h3>\n\n\n\n<div class=\"wp-block-image\"><figure class=\"alignright\"><a href=\"https:\/\/energie-sante.net\/wp-content\/uploads\/2022\/05\/NG298_grand-changement-vibratoire.jpg\"><img decoding=\"async\" src=\"https:\/\/energie-sante.net\/wp-content\/uploads\/2022\/05\/NG298_grand-changement-vibratoire-300x188.jpg\" alt=\"Grand Changement\" class=\"wp-image-32171\"\/><\/a><\/figure><\/div>\n\n\n\n<p>N\u2019oubliez pas : la Vie est infinie et ne se r\u00e9sume pas \u00e0 l\u2019\u00e9pisode que vous vivez actuellement. Chacune des incarnations que vous avez tous d\u00e9j\u00e0 pu vivre, constitue autant de \u00ab&nbsp;s\u00e9quences&nbsp;\u00bb de la Vie ! L\u2019important pour chacun d\u2019entre-vous, n\u2019est pas la \u00ab&nbsp;s\u00e9quence&nbsp;\u00bb, mais votre \u00e9volution sur le chemin de la Vie.<\/p>\n\n\n\n<p>Vous qui lisez ces lignes, avez choisi, avez souhait\u00e9, de vivre pleinement ce Grand Changement vibratoire, et de participer activement \u00e0 l\u2019\u00e9v\u00e9nement de l\u2019ascension de la Terre et de sa population, qui \u00e9galement \u00e0 choisi de Vivre ce&nbsp;<strong>Grand Changement Vibratoire et plan\u00e9taire<\/strong>. Aussi, continuez \u00e0 participer \u00e0 cet \u00e9v\u00e9nement en \u00e9clairant les zones moins \u00e9clair\u00e9es en vous.<\/p>\n\n\n\n<p>Soyez Amour, Soyez Lumi\u00e8re, et Rayonnez, telle une multitude de petites bougies qui vont illuminer la Terre et illuminer son ascension, Votre ascension.<\/p>\n\n\n\n<p><strong>Soyez Amour et Rayonnez-le<\/strong>, mes chers Enfants de la Terre.<\/p>\n\n\n\n<p>Je vous aime<br>Hilarion<\/p>\n\n\n\n<p>Message du Ma\u00eetre Hilarion, re\u00e7u le 13 mai 2022 par<br><em>Jean-Paul Thouny<\/em><\/p>\n\n\n\n<p><strong>Partag\u00e9 par :&nbsp;<a href=\"https:\/\/messagescelestes.ca\/\">https:\/\/messagescelestes.ca<\/a><\/strong><\/p>\n<div class=\"fcbkbttn_buttons_block\" id=\"fcbkbttn_left\"><div class=\"fcbkbttn_like \"><fb:like href=\"http:\/\/la-flamme-verte.fr\/index.php\/2022\/05\/20\/vivez-le-grand-changement-vibratoire-et-planetaire-message-dhilarion\/\" action=\"like\" colorscheme=\"light\" layout=\"standard\"  width=\"225px\" size=\"small\"><\/fb:like><\/div><div class=\"fb-share-button  \" data-href=\"http:\/\/la-flamme-verte.fr\/index.php\/2022\/05\/20\/vivez-le-grand-changement-vibratoire-et-planetaire-message-dhilarion\/\" data-type=\"button_count\" data-size=\"small\"><\/div><\/div>","protected":false},"excerpt":{"rendered":"<p>https:\/\/messagescelestes.ca\/vivez-le-grand-changement-vibratoire-et-planetaire\/ Vous avez souhait\u00e9, vivre pleinement ceGrand Changement vibratoire, et participer activement\u00e0 l\u2019\u00e9v\u00e9nement de l\u2019ascension de la Terre et de sa population\u2026 Mes chers Enfants de la Terre, Ne d\u00e9sesp\u00e9rez pas, nous ne vous avons pas abandonn\u00e9s. Non, vous comptez tellement pour nous et nous vous soutenons depuis tant de temps, depuis des \u00e9ons dirai-je [&hellip;]<\/p>\n","protected":false},"author":1,"featured_media":0,"comment_status":"open","ping_status":"open","sticky":false,"template":"","format":"standard","meta":{"footnotes":""},"categories":[1],"tags":[],"class_list":["post-1054","post","type-post","status-publish","format-standard","hentry","category-uncategorized"],"_links":{"self":[{"href":"http:\/\/la-flamme-verte.fr\/index.php\/wp-json\/wp\/v2\/posts\/1054"}],"collection":[{"href":"http:\/\/la-flamme-verte.fr\/index.php\/wp-json\/wp\/v2\/posts"}],"about":[{"href":"http:\/\/la-flamme-verte.fr\/index.php\/wp-json\/wp\/v2\/types\/post"}],"author":[{"embeddable":true,"href":"http:\/\/la-flamme-verte.fr\/index.php\/wp-json\/wp\/v2\/users\/1"}],"replies":[{"embeddable":true,"href":"http:\/\/la-flamme-verte.fr\/index.php\/wp-json\/wp\/v2\/comments?post=1054"}],"version-history":[{"count":1,"href":"http:\/\/la-flamme-verte.fr\/index.php\/wp-json\/wp\/v2\/posts\/1054\/revisions"}],"predecessor-version":[{"id":1055,"href":"http:\/\/la-flamme-verte.fr\/index.php\/wp-json\/wp\/v2\/posts\/1054\/revisions\/1055"}],"wp:attachment":[{"href":"http:\/\/la-flamme-verte.fr\/index.php\/wp-json\/wp\/v2\/media?parent=1054"}],"wp:term":[{"taxonomy":"category","embeddable":true,"href":"http:\/\/la-flamme-verte.fr\/index.php\/wp-json\/wp\/v2\/categories?post=1054"},{"taxonomy":"post_tag","embeddable":true,"href":"http:\/\/la-flamme-verte.fr\/index.php\/wp-json\/wp\/v2\/tags?post=1054"}],"curies":[{"name":"wp","href":"https:\/\/api.w.org\/{rel}","templated":true}]}}